
{"id":41969,"date":"2020-05-26T13:40:23","date_gmt":"2020-05-26T11:40:23","guid":{"rendered":"http:\/\/radiomoradebre.cat\/wp\/?p=41969"},"modified":"2020-05-26T13:46:06","modified_gmt":"2020-05-26T11:46:06","slug":"litterarum-digital-gerard-mercade-cere-26-5-20","status":"publish","type":"post","link":"https:\/\/www.radiomoradebre.cat\/wp\/2020\/05\/26\/litterarum-digital-gerard-mercade-cere-26-5-20\/","title":{"rendered":"Litterarum Digital &#8211; Gerard Mercad\u00e9 &#8211; CERE (26-5-20)"},"content":{"rendered":"\n<p>HORA M\u00d3RA D&#8217;EBRE. El CERE va impulsar la primera fira del llibre ebrenc que s&#8217;ha anat fent gran fins arribar al Litterarum digital d&#8217;aquest any. Amb el cap de publicacions de l&#8217;entitat, Gerard Mercad\u00e9, recordem aquests inicis i parlem del paper qu\u00e8 tindr\u00e0 el CERE en l&#8217;edici\u00f3 digital d&#8217;aquest any amb l&#8217;organitzaci\u00f3 de diferents taules de debat. <\/p>\n\n\n\n<figure class=\"wp-block-audio\"><audio controls src=\"http:\/\/radiomoradebre.cat\/wp\/wp-content\/uploads\/2020\/05\/Litterarum-2020-Gerard-Mercade.mp3\"><\/audio><\/figure>\n\n\n\n<figure class=\"wp-block-image size-large\"><img loading=\"lazy\" decoding=\"async\" width=\"1024\" height=\"768\" src=\"http:\/\/radiomoradebre.cat\/wp\/wp-content\/uploads\/2020\/05\/IMG_5372-1024x768.jpg\" alt=\"\" class=\"wp-image-41970\" srcset=\"https:\/\/www.radiomoradebre.cat\/wp\/wp-content\/uploads\/2020\/05\/IMG_5372-1024x768.jpg 1024w, https:\/\/www.radiomoradebre.cat\/wp\/wp-content\/uploads\/2020\/05\/IMG_5372-300x225.jpg 300w, https:\/\/www.radiomoradebre.cat\/wp\/wp-content\/uploads\/2020\/05\/IMG_5372-768x576.jpg 768w, https:\/\/www.radiomoradebre.cat\/wp\/wp-content\/uploads\/2020\/05\/IMG_5372-1536x1152.jpg 1536w, https:\/\/www.radiomoradebre.cat\/wp\/wp-content\/uploads\/2020\/05\/IMG_5372-2048x1536.jpg 2048w\" sizes=\"auto, (max-width: 1024px) 100vw, 1024px\" \/><figcaption>IMATGE D&#8217;ARXIU. Gerard Mercad\u00e9 als estudis de R\u00e0dio M\u00f3ra d&#8217;Ebre SER. <\/figcaption><\/figure>\n","protected":false},"excerpt":{"rendered":"<p>HORA M\u00d3RA D&#8217;EBRE. El CERE va impulsar la primera fira del llibre ebrenc que s&#8217;ha anat fent gran fins arribar al Litterarum digital d&#8217;aquest any. Amb el cap de publicacions de l&#8217;entitat, Gerard Mercad\u00e9, recordem aquests inicis i parlem del &hellip; <a href=\"https:\/\/www.radiomoradebre.cat\/wp\/2020\/05\/26\/litterarum-digital-gerard-mercade-cere-26-5-20\/\">Continue reading <span class=\"meta-nav\">&rarr;<\/span><\/a><\/p>\n","protected":false},"author":3,"featured_media":0,"comment_status":"closed","ping_status":"open","sticky":false,"template":"","format":"standard","meta":{"footnotes":""},"categories":[12],"tags":[5604,9109,606,1785,844,24085,1181,4569],"class_list":["post-41969","post","type-post","status-publish","format-standard","hentry","category-horamoradebre","tag-acre","tag-arxiu-comarcal-ribera-debre","tag-fira-del-llibre-ebrenc","tag-gerard-mercade","tag-litterarum","tag-litterarum-digital","tag-llibre","tag-llibre-ebrenc"],"_links":{"self":[{"href":"https:\/\/www.radiomoradebre.cat\/wp\/wp-json\/wp\/v2\/posts\/41969","targetHints":{"allow":["GET"]}}],"collection":[{"href":"https:\/\/www.radiomoradebre.cat\/wp\/wp-json\/wp\/v2\/posts"}],"about":[{"href":"https:\/\/www.radiomoradebre.cat\/wp\/wp-json\/wp\/v2\/types\/post"}],"author":[{"embeddable":true,"href":"https:\/\/www.radiomoradebre.cat\/wp\/wp-json\/wp\/v2\/users\/3"}],"replies":[{"embeddable":true,"href":"https:\/\/www.radiomoradebre.cat\/wp\/wp-json\/wp\/v2\/comments?post=41969"}],"version-history":[{"count":3,"href":"https:\/\/www.radiomoradebre.cat\/wp\/wp-json\/wp\/v2\/posts\/41969\/revisions"}],"predecessor-version":[{"id":41973,"href":"https:\/\/www.radiomoradebre.cat\/wp\/wp-json\/wp\/v2\/posts\/41969\/revisions\/41973"}],"wp:attachment":[{"href":"https:\/\/www.radiomoradebre.cat\/wp\/wp-json\/wp\/v2\/media?parent=41969"}],"wp:term":[{"taxonomy":"category","embeddable":true,"href":"https:\/\/www.radiomoradebre.cat\/wp\/wp-json\/wp\/v2\/categories?post=41969"},{"taxonomy":"post_tag","embeddable":true,"href":"https:\/\/www.radiomoradebre.cat\/wp\/wp-json\/wp\/v2\/tags?post=41969"}],"curies":[{"name":"wp","href":"https:\/\/api.w.org\/{rel}","templated":true}]}}