
{"id":41951,"date":"2020-05-26T10:15:01","date_gmt":"2020-05-26T08:15:01","guid":{"rendered":"http:\/\/radiomoradebre.cat\/wp\/?p=41951"},"modified":"2020-05-26T10:15:59","modified_gmt":"2020-05-26T08:15:59","slug":"naix-la-xarxa-de-fibra-optica-mancomunada-greta","status":"publish","type":"post","link":"https:\/\/www.radiomoradebre.cat\/wp\/2020\/05\/26\/naix-la-xarxa-de-fibra-optica-mancomunada-greta\/","title":{"rendered":"Naix la xarxa de fibra \u00f2ptica mancomunada GRETA."},"content":{"rendered":"\n<p><strong>L\u2019Ajuntament d\u2019Asc\u00f3 amb la Fundaci\u00f3 Guifi.net i la plataforma Ens toquen la fibra, creen la Xarxa Greta per accelerar la implantaci\u00f3 d\u2019una xarxa de fibra \u00f2ptica mancomunada a les comarques de la Ribera d\u2019Ebre, la Terra Alta i les Garrigues.<\/strong><\/p>\n\n\n\n<p>ADRIANA MONCL\u00daS<\/p>\n\n\n\n<figure class=\"wp-block-audio\"><audio controls src=\"http:\/\/radiomoradebre.cat\/wp\/wp-content\/uploads\/2020\/05\/CRO-26-5-20-XARXA-GRETA-.mp3\"><\/audio><\/figure>\n\n\n\n<figure class=\"wp-block-image size-large\"><img loading=\"lazy\" decoding=\"async\" width=\"960\" height=\"572\" src=\"http:\/\/radiomoradebre.cat\/wp\/wp-content\/uploads\/2020\/05\/01.jpg\" alt=\"\" class=\"wp-image-41952\" srcset=\"https:\/\/www.radiomoradebre.cat\/wp\/wp-content\/uploads\/2020\/05\/01.jpg 960w, https:\/\/www.radiomoradebre.cat\/wp\/wp-content\/uploads\/2020\/05\/01-300x179.jpg 300w, https:\/\/www.radiomoradebre.cat\/wp\/wp-content\/uploads\/2020\/05\/01-768x458.jpg 768w\" sizes=\"auto, (max-width: 960px) 100vw, 960px\" \/><\/figure>\n","protected":false},"excerpt":{"rendered":"<p>L\u2019Ajuntament d\u2019Asc\u00f3 amb la Fundaci\u00f3 Guifi.net i la plataforma Ens toquen la fibra, creen la Xarxa Greta per accelerar la implantaci\u00f3 d\u2019una xarxa de fibra \u00f2ptica mancomunada a les comarques de la Ribera d\u2019Ebre, la Terra Alta i les Garrigues. &hellip; <a href=\"https:\/\/www.radiomoradebre.cat\/wp\/2020\/05\/26\/naix-la-xarxa-de-fibra-optica-mancomunada-greta\/\">Continue reading <span class=\"meta-nav\">&rarr;<\/span><\/a><\/p>\n","protected":false},"author":3,"featured_media":0,"comment_status":"closed","ping_status":"open","sticky":false,"template":"","format":"standard","meta":{"footnotes":""},"categories":[2],"tags":[421,24347,3195,24348,24346,24345,20010,999,9979,26,24344],"class_list":["post-41951","post","type-post","status-publish","format-standard","hentry","category-noticies","tag-ajuntament-asco","tag-ens-toquen-la-fibra","tag-fibra-optica","tag-fibra-optica-mancomunada","tag-fundacio-guifi-net","tag-greta","tag-guifi-net","tag-internet","tag-miquel-angel-ribes","tag-terra-alta","tag-xarxa-greta"],"_links":{"self":[{"href":"https:\/\/www.radiomoradebre.cat\/wp\/wp-json\/wp\/v2\/posts\/41951","targetHints":{"allow":["GET"]}}],"collection":[{"href":"https:\/\/www.radiomoradebre.cat\/wp\/wp-json\/wp\/v2\/posts"}],"about":[{"href":"https:\/\/www.radiomoradebre.cat\/wp\/wp-json\/wp\/v2\/types\/post"}],"author":[{"embeddable":true,"href":"https:\/\/www.radiomoradebre.cat\/wp\/wp-json\/wp\/v2\/users\/3"}],"replies":[{"embeddable":true,"href":"https:\/\/www.radiomoradebre.cat\/wp\/wp-json\/wp\/v2\/comments?post=41951"}],"version-history":[{"count":1,"href":"https:\/\/www.radiomoradebre.cat\/wp\/wp-json\/wp\/v2\/posts\/41951\/revisions"}],"predecessor-version":[{"id":41953,"href":"https:\/\/www.radiomoradebre.cat\/wp\/wp-json\/wp\/v2\/posts\/41951\/revisions\/41953"}],"wp:attachment":[{"href":"https:\/\/www.radiomoradebre.cat\/wp\/wp-json\/wp\/v2\/media?parent=41951"}],"wp:term":[{"taxonomy":"category","embeddable":true,"href":"https:\/\/www.radiomoradebre.cat\/wp\/wp-json\/wp\/v2\/categories?post=41951"},{"taxonomy":"post_tag","embeddable":true,"href":"https:\/\/www.radiomoradebre.cat\/wp\/wp-json\/wp\/v2\/tags?post=41951"}],"curies":[{"name":"wp","href":"https:\/\/api.w.org\/{rel}","templated":true}]}}