
{"id":4183,"date":"2013-09-13T10:30:58","date_gmt":"2013-09-13T08:30:58","guid":{"rendered":"http:\/\/radiomoradebre.cat\/wp\/?p=4183"},"modified":"2013-09-13T10:30:58","modified_gmt":"2013-09-13T08:30:58","slug":"la-jota-protagonista-del-cap-de-setmana-a-la-ribera-debre","status":"publish","type":"post","link":"https:\/\/www.radiomoradebre.cat\/wp\/2013\/09\/13\/la-jota-protagonista-del-cap-de-setmana-a-la-ribera-debre\/","title":{"rendered":"La jota protagonista del cap de setmana a la Ribera d&#8217;Ebre."},"content":{"rendered":"<p><em><strong>La Ribera d\u2019Ebre ens endinsa aquest dissabte en la hist\u00f2ria de la jota de les Terres de l\u2019Ebre acollint la Jornada d\u2019Etnologia de les Terres de l\u2019Ebre, que s\u2019acompanyar\u00e0 de la quarta festa de la jota comarcal. Una festa que aquest any incorpora 4 noves jotes arribant d\u2019aquesta manera a les catorze.<\/strong><\/em><\/p>\n<p>Al llarg de la \u00faltima d\u00e8cada s\u00f3n molts els pobles de les comarques de l\u2019Ebre que estan treballant dur per tal de recuperar el seu ball de la jota, fent tot un proc\u00e9s de recerca sobre quins eren els passos que es seguien, si era o no puntejada, si es ballava amb coques o sense i quina era la m\u00fasica que l\u2019acompanyava. Tota una hist\u00f2ria que la podrem viure aquest dissabte a M\u00f3ra la Nova, on tindr\u00e0 lloc la onzena Jornada Etnol\u00f2gica de les Terres de l\u2019Ebre que aquest any es dedica a la seua jota ballada.<\/p>\n<p>La Ribera d\u2019Ebre ha apostat per la recuperaci\u00f3 d\u2019aquest ball t\u00edpic, i aquest celebrar\u00e0 la quarta edici\u00f3 de la seua Festa de la Jota Comarcal. Una jornada que tindr\u00e0 lloc a Asc\u00f3 i en la que s\u2019hi incorporen 4 noves jotes: la de Darm\u00f3s, La Serra, La Torre de l\u2019Espanyol i Ginestar; que es sumen a les 10 jotes ja recuperades en els \u00faltims quatre anys. Mireia Granj\u00e9 \u00e9s la T\u00e8cnica de Cultura del Consell Comarcal de la Ribera d\u2019Ebre:<\/p>\n<p><a href=\"http:\/\/radiomoradebre.cat\/wp\/wp-content\/uploads\/2013\/09\/MIREIA-GRANJE-12-9-JOTA-RIBERA-DEBRE.mp3\">MIREIA GRANJE 12-9 JOTA RIBERA DEBRE<\/a><\/p>\n<p>Una festa que vol animar a la gent a sortir al carrer a puntejar la jota, amb aquest objectiu celebraran tamb\u00e9 la segona edici\u00f3 del premi Instagram, per tal que la Jota de la Ribera d\u2019Ebre arribi tamb\u00e9 a les xarxes socials.<\/p>\n<p><a href=\"http:\/\/radiomoradebre.cat\/wp\/wp-content\/uploads\/2013\/09\/CARTELL-FESTA-JOTA-RE-ASC\u00d3-14-9-2013.jpg\"><img loading=\"lazy\" decoding=\"async\" class=\"size-medium wp-image-4184 aligncenter\" alt=\"CARTELL FESTA JOTA RE ASC\u00d3 14-9-2013\" src=\"http:\/\/radiomoradebre.cat\/wp\/wp-content\/uploads\/2013\/09\/CARTELL-FESTA-JOTA-RE-ASC\u00d3-14-9-2013-300x146.jpg\" width=\"300\" height=\"146\" srcset=\"https:\/\/www.radiomoradebre.cat\/wp\/wp-content\/uploads\/2013\/09\/CARTELL-FESTA-JOTA-RE-ASC\u00d3-14-9-2013-300x146.jpg 300w, https:\/\/www.radiomoradebre.cat\/wp\/wp-content\/uploads\/2013\/09\/CARTELL-FESTA-JOTA-RE-ASC\u00d3-14-9-2013.jpg 933w\" sizes=\"auto, (max-width: 300px) 100vw, 300px\" \/><\/a> <a href=\"http:\/\/radiomoradebre.cat\/wp\/wp-content\/uploads\/2013\/09\/CARTELL-JORNADA-ETNOLOGIA-TTEE-JOTA-BALLADA-14-9-2013.jpg\"><img loading=\"lazy\" decoding=\"async\" class=\"size-medium wp-image-4185 aligncenter\" alt=\"CARTELL JORNADA ETNOLOGIA TTEE JOTA BALLADA 14-9-2013\" src=\"http:\/\/radiomoradebre.cat\/wp\/wp-content\/uploads\/2013\/09\/CARTELL-JORNADA-ETNOLOGIA-TTEE-JOTA-BALLADA-14-9-2013-145x300.jpg\" width=\"145\" height=\"300\" srcset=\"https:\/\/www.radiomoradebre.cat\/wp\/wp-content\/uploads\/2013\/09\/CARTELL-JORNADA-ETNOLOGIA-TTEE-JOTA-BALLADA-14-9-2013-145x300.jpg 145w, https:\/\/www.radiomoradebre.cat\/wp\/wp-content\/uploads\/2013\/09\/CARTELL-JORNADA-ETNOLOGIA-TTEE-JOTA-BALLADA-14-9-2013.jpg 466w\" sizes=\"auto, (max-width: 145px) 100vw, 145px\" \/><\/a><\/p>\n","protected":false},"excerpt":{"rendered":"<p>La Ribera d\u2019Ebre ens endinsa aquest dissabte en la hist\u00f2ria de la jota de les Terres de l\u2019Ebre acollint la Jornada d\u2019Etnologia de les Terres de l\u2019Ebre, que s\u2019acompanyar\u00e0 de la quarta festa de la jota comarcal. Una festa que &hellip; <a href=\"https:\/\/www.radiomoradebre.cat\/wp\/2013\/09\/13\/la-jota-protagonista-del-cap-de-setmana-a-la-ribera-debre\/\">Continue reading <span class=\"meta-nav\">&rarr;<\/span><\/a><\/p>\n","protected":false},"author":3,"featured_media":0,"comment_status":"closed","ping_status":"open","sticky":false,"template":"","format":"standard","meta":{"footnotes":""},"categories":[2],"tags":[69,1464,1839,919,1189,313,83,96,270],"class_list":["post-4183","post","type-post","status-publish","format-standard","hentry","category-noticies","tag-asco","tag-ball","tag-etnologia","tag-festa","tag-jornada","tag-jota","tag-mora-la-nova","tag-ribera-debre","tag-terres-de-lebre"],"_links":{"self":[{"href":"https:\/\/www.radiomoradebre.cat\/wp\/wp-json\/wp\/v2\/posts\/4183","targetHints":{"allow":["GET"]}}],"collection":[{"href":"https:\/\/www.radiomoradebre.cat\/wp\/wp-json\/wp\/v2\/posts"}],"about":[{"href":"https:\/\/www.radiomoradebre.cat\/wp\/wp-json\/wp\/v2\/types\/post"}],"author":[{"embeddable":true,"href":"https:\/\/www.radiomoradebre.cat\/wp\/wp-json\/wp\/v2\/users\/3"}],"replies":[{"embeddable":true,"href":"https:\/\/www.radiomoradebre.cat\/wp\/wp-json\/wp\/v2\/comments?post=4183"}],"version-history":[{"count":2,"href":"https:\/\/www.radiomoradebre.cat\/wp\/wp-json\/wp\/v2\/posts\/4183\/revisions"}],"predecessor-version":[{"id":4187,"href":"https:\/\/www.radiomoradebre.cat\/wp\/wp-json\/wp\/v2\/posts\/4183\/revisions\/4187"}],"wp:attachment":[{"href":"https:\/\/www.radiomoradebre.cat\/wp\/wp-json\/wp\/v2\/media?parent=4183"}],"wp:term":[{"taxonomy":"category","embeddable":true,"href":"https:\/\/www.radiomoradebre.cat\/wp\/wp-json\/wp\/v2\/categories?post=4183"},{"taxonomy":"post_tag","embeddable":true,"href":"https:\/\/www.radiomoradebre.cat\/wp\/wp-json\/wp\/v2\/tags?post=4183"}],"curies":[{"name":"wp","href":"https:\/\/api.w.org\/{rel}","templated":true}]}}