
{"id":41211,"date":"2020-04-20T11:43:18","date_gmt":"2020-04-20T09:43:18","guid":{"rendered":"http:\/\/radiomoradebre.cat\/wp\/?p=41211"},"modified":"2020-04-20T11:43:20","modified_gmt":"2020-04-20T09:43:20","slug":"la-fira-del-vi-de-falset-online","status":"publish","type":"post","link":"https:\/\/www.radiomoradebre.cat\/wp\/2020\/04\/20\/la-fira-del-vi-de-falset-online\/","title":{"rendered":"La Fira del Vi de Falset, online."},"content":{"rendered":"\n<p><strong>La Fira del Vi de Falset arribar\u00e0 finalment enguany de forma online amb concerts, tastos i confer\u00e8ncies de l&#8217;1 al 3 de maig. <\/strong><\/p>\n\n\n\n<p>ADRIANA MONCL\u00daS<\/p>\n\n\n\n<figure class=\"wp-block-audio\"><audio controls src=\"http:\/\/radiomoradebre.cat\/wp\/wp-content\/uploads\/2020\/04\/CRO-20-4-20-FIRA-VI-FALSET-ONLINE.mp3\"><\/audio><\/figure>\n\n\n\n<div class=\"wp-block-image\"><figure class=\"aligncenter size-large\"><img loading=\"lazy\" decoding=\"async\" width=\"300\" height=\"300\" src=\"http:\/\/radiomoradebre.cat\/wp\/wp-content\/uploads\/2020\/04\/firavifalset.jpg\" alt=\"\" class=\"wp-image-41202\" srcset=\"https:\/\/www.radiomoradebre.cat\/wp\/wp-content\/uploads\/2020\/04\/firavifalset.jpg 300w, https:\/\/www.radiomoradebre.cat\/wp\/wp-content\/uploads\/2020\/04\/firavifalset-150x150.jpg 150w\" sizes=\"auto, (max-width: 300px) 100vw, 300px\" \/><figcaption>IMATGE. Cartell 25 anys Fira del Vi Falset (2020). <\/figcaption><\/figure><\/div>\n","protected":false},"excerpt":{"rendered":"<p>La Fira del Vi de Falset arribar\u00e0 finalment enguany de forma online amb concerts, tastos i confer\u00e8ncies de l&#8217;1 al 3 de maig. ADRIANA MONCL\u00daS<\/p>\n","protected":false},"author":3,"featured_media":0,"comment_status":"closed","ping_status":"open","sticky":false,"template":"","format":"standard","meta":{"footnotes":""},"categories":[2],"tags":[21,612,9193,13399,24033,23992,24034],"class_list":["post-41211","post","type-post","status-publish","format-standard","hentry","category-noticies","tag-falset","tag-fira-del-vi","tag-fira-del-vi-falset","tag-fira-vi","tag-fira-vi-falset-online","tag-online","tag-tast-vi"],"_links":{"self":[{"href":"https:\/\/www.radiomoradebre.cat\/wp\/wp-json\/wp\/v2\/posts\/41211","targetHints":{"allow":["GET"]}}],"collection":[{"href":"https:\/\/www.radiomoradebre.cat\/wp\/wp-json\/wp\/v2\/posts"}],"about":[{"href":"https:\/\/www.radiomoradebre.cat\/wp\/wp-json\/wp\/v2\/types\/post"}],"author":[{"embeddable":true,"href":"https:\/\/www.radiomoradebre.cat\/wp\/wp-json\/wp\/v2\/users\/3"}],"replies":[{"embeddable":true,"href":"https:\/\/www.radiomoradebre.cat\/wp\/wp-json\/wp\/v2\/comments?post=41211"}],"version-history":[{"count":1,"href":"https:\/\/www.radiomoradebre.cat\/wp\/wp-json\/wp\/v2\/posts\/41211\/revisions"}],"predecessor-version":[{"id":41212,"href":"https:\/\/www.radiomoradebre.cat\/wp\/wp-json\/wp\/v2\/posts\/41211\/revisions\/41212"}],"wp:attachment":[{"href":"https:\/\/www.radiomoradebre.cat\/wp\/wp-json\/wp\/v2\/media?parent=41211"}],"wp:term":[{"taxonomy":"category","embeddable":true,"href":"https:\/\/www.radiomoradebre.cat\/wp\/wp-json\/wp\/v2\/categories?post=41211"},{"taxonomy":"post_tag","embeddable":true,"href":"https:\/\/www.radiomoradebre.cat\/wp\/wp-json\/wp\/v2\/tags?post=41211"}],"curies":[{"name":"wp","href":"https:\/\/api.w.org\/{rel}","templated":true}]}}