
{"id":41115,"date":"2020-04-14T13:59:26","date_gmt":"2020-04-14T11:59:26","guid":{"rendered":"http:\/\/radiomoradebre.cat\/wp\/?p=41115"},"modified":"2020-04-14T14:00:06","modified_gmt":"2020-04-14T12:00:06","slug":"entrevista-xavier-arbo-14-4-20","status":"publish","type":"post","link":"https:\/\/www.radiomoradebre.cat\/wp\/2020\/04\/14\/entrevista-xavier-arbo-14-4-20\/","title":{"rendered":"Entrevista Xavier Arb\u00f3 (14-4-20)"},"content":{"rendered":"\n<p>HORA M\u00d3RA D&#8217;EBRE. Al programa d&#8217;aquest dimarts hem conversat amb l&#8217;alcalde de Benissanet, Xavier Arb\u00f3, sobre com s&#8217;est\u00e0 vivint la situaci\u00f3 d&#8217;emerg\u00e8ncia al municipi riberenc i com aquest afronta una nova campanya de la fruita dol\u00e7a al camp. <\/p>\n\n\n\n<figure class=\"wp-block-audio\"><audio controls src=\"http:\/\/radiomoradebre.cat\/wp\/wp-content\/uploads\/2020\/04\/ENTREVISTA-XAVI-ARBO-14-04-20-fruita-dol\u00e7a.mp3\"><\/audio><\/figure>\n\n\n\n<figure class=\"wp-block-image size-large\"><img loading=\"lazy\" decoding=\"async\" width=\"1024\" height=\"768\" src=\"http:\/\/radiomoradebre.cat\/wp\/wp-content\/uploads\/2020\/01\/IMG_0459-1024x768.jpg\" alt=\"\" class=\"wp-image-40117\" srcset=\"https:\/\/www.radiomoradebre.cat\/wp\/wp-content\/uploads\/2020\/01\/IMG_0459-1024x768.jpg 1024w, https:\/\/www.radiomoradebre.cat\/wp\/wp-content\/uploads\/2020\/01\/IMG_0459-300x225.jpg 300w, https:\/\/www.radiomoradebre.cat\/wp\/wp-content\/uploads\/2020\/01\/IMG_0459-768x576.jpg 768w, https:\/\/www.radiomoradebre.cat\/wp\/wp-content\/uploads\/2020\/01\/IMG_0459-1536x1152.jpg 1536w, https:\/\/www.radiomoradebre.cat\/wp\/wp-content\/uploads\/2020\/01\/IMG_0459-2048x1536.jpg 2048w\" sizes=\"auto, (max-width: 1024px) 100vw, 1024px\" \/><figcaption>IMATGE D&#8217;ARXIU. Xavier Arb\u00f3 als estudis de R\u00e0dio M\u00f3ra d&#8217;Ebre SER (22-1-2020). <\/figcaption><\/figure>\n","protected":false},"excerpt":{"rendered":"<p>HORA M\u00d3RA D&#8217;EBRE. Al programa d&#8217;aquest dimarts hem conversat amb l&#8217;alcalde de Benissanet, Xavier Arb\u00f3, sobre com s&#8217;est\u00e0 vivint la situaci\u00f3 d&#8217;emerg\u00e8ncia al municipi riberenc i com aquest afronta una nova campanya de la fruita dol\u00e7a al camp.<\/p>\n","protected":false},"author":3,"featured_media":0,"comment_status":"closed","ping_status":"open","sticky":false,"template":"","format":"standard","meta":{"footnotes":""},"categories":[12],"tags":[1095,13358,16885,146,1127,23546,23730,12602,546,652,5042,2192],"class_list":["post-41115","post","type-post","status-publish","format-standard","hentry","category-horamoradebre","tag-agricultura","tag-ajuntament-benissanet","tag-auberge-benissanet","tag-benissanet","tag-cirera","tag-coronavirus","tag-covid19","tag-departament-agricultura","tag-fruita-dolca","tag-rosa-peig","tag-xavi-arbo","tag-xavier-arbo"],"_links":{"self":[{"href":"https:\/\/www.radiomoradebre.cat\/wp\/wp-json\/wp\/v2\/posts\/41115","targetHints":{"allow":["GET"]}}],"collection":[{"href":"https:\/\/www.radiomoradebre.cat\/wp\/wp-json\/wp\/v2\/posts"}],"about":[{"href":"https:\/\/www.radiomoradebre.cat\/wp\/wp-json\/wp\/v2\/types\/post"}],"author":[{"embeddable":true,"href":"https:\/\/www.radiomoradebre.cat\/wp\/wp-json\/wp\/v2\/users\/3"}],"replies":[{"embeddable":true,"href":"https:\/\/www.radiomoradebre.cat\/wp\/wp-json\/wp\/v2\/comments?post=41115"}],"version-history":[{"count":1,"href":"https:\/\/www.radiomoradebre.cat\/wp\/wp-json\/wp\/v2\/posts\/41115\/revisions"}],"predecessor-version":[{"id":41116,"href":"https:\/\/www.radiomoradebre.cat\/wp\/wp-json\/wp\/v2\/posts\/41115\/revisions\/41116"}],"wp:attachment":[{"href":"https:\/\/www.radiomoradebre.cat\/wp\/wp-json\/wp\/v2\/media?parent=41115"}],"wp:term":[{"taxonomy":"category","embeddable":true,"href":"https:\/\/www.radiomoradebre.cat\/wp\/wp-json\/wp\/v2\/categories?post=41115"},{"taxonomy":"post_tag","embeddable":true,"href":"https:\/\/www.radiomoradebre.cat\/wp\/wp-json\/wp\/v2\/tags?post=41115"}],"curies":[{"name":"wp","href":"https:\/\/api.w.org\/{rel}","templated":true}]}}