
{"id":41109,"date":"2020-04-14T11:33:48","date_gmt":"2020-04-14T09:33:48","guid":{"rendered":"http:\/\/radiomoradebre.cat\/wp\/?p=41109"},"modified":"2020-04-14T11:33:51","modified_gmt":"2020-04-14T09:33:51","slug":"el-centre-empresarial-terra-alta-fomenta-la-formacio-online","status":"publish","type":"post","link":"https:\/\/www.radiomoradebre.cat\/wp\/2020\/04\/14\/el-centre-empresarial-terra-alta-fomenta-la-formacio-online\/","title":{"rendered":"El Centre Empresarial Terra Alta fomenta la formaci\u00f3 online."},"content":{"rendered":"\n<p><strong>El Centre Empresarial Terra Alta, el viver d\u2019empreses ubicat a\u00a0 Gandesa, fomenta la formaci\u00f3 online durant el confinament per tal que agents p\u00fablics i privats del territori segueixin actius. <\/strong><\/p>\n\n\n\n<p>ADRIANA MONCL\u00daS<\/p>\n\n\n\n<figure class=\"wp-block-audio\"><audio controls src=\"http:\/\/radiomoradebre.cat\/wp\/wp-content\/uploads\/2020\/04\/CRO-14-4-20-FORMACIO-ONLINE-CENTRE-TA.mp3\"><\/audio><\/figure>\n\n\n\n<figure class=\"wp-block-image size-large\"><img loading=\"lazy\" decoding=\"async\" width=\"1024\" height=\"576\" src=\"http:\/\/radiomoradebre.cat\/wp\/wp-content\/uploads\/2020\/04\/92743003_137433317832786_3646025169530519552_o-1024x576.jpg\" alt=\"\" class=\"wp-image-41106\" srcset=\"https:\/\/www.radiomoradebre.cat\/wp\/wp-content\/uploads\/2020\/04\/92743003_137433317832786_3646025169530519552_o-1024x576.jpg 1024w, https:\/\/www.radiomoradebre.cat\/wp\/wp-content\/uploads\/2020\/04\/92743003_137433317832786_3646025169530519552_o-300x169.jpg 300w, https:\/\/www.radiomoradebre.cat\/wp\/wp-content\/uploads\/2020\/04\/92743003_137433317832786_3646025169530519552_o-768x432.jpg 768w, https:\/\/www.radiomoradebre.cat\/wp\/wp-content\/uploads\/2020\/04\/92743003_137433317832786_3646025169530519552_o.jpg 1366w\" sizes=\"auto, (max-width: 1024px) 100vw, 1024px\" \/><figcaption>IMATGE CENTRE EMPRESARIAL TERRA ALTA de la primera sessi\u00f3 de formaci\u00f3 (9-4-2020). <\/figcaption><\/figure>\n","protected":false},"excerpt":{"rendered":"<p>El Centre Empresarial Terra Alta, el viver d\u2019empreses ubicat a\u00a0 Gandesa, fomenta la formaci\u00f3 online durant el confinament per tal que agents p\u00fablics i privats del territori segueixin actius. ADRIANA MONCL\u00daS<\/p>\n","protected":false},"author":3,"featured_media":0,"comment_status":"closed","ping_status":"open","sticky":false,"template":"","format":"standard","meta":{"footnotes":""},"categories":[2],"tags":[1492,14842,23993,518,23991,1516,26,212,14843],"class_list":["post-41109","post","type-post","status-publish","format-standard","hentry","category-noticies","tag-carlos-luz","tag-centre-empresarial-terra-alta","tag-dinamitzacio-turisme","tag-formacio","tag-formacio-online","tag-rural","tag-terra-alta","tag-turisme","tag-viver-empreses"],"_links":{"self":[{"href":"https:\/\/www.radiomoradebre.cat\/wp\/wp-json\/wp\/v2\/posts\/41109","targetHints":{"allow":["GET"]}}],"collection":[{"href":"https:\/\/www.radiomoradebre.cat\/wp\/wp-json\/wp\/v2\/posts"}],"about":[{"href":"https:\/\/www.radiomoradebre.cat\/wp\/wp-json\/wp\/v2\/types\/post"}],"author":[{"embeddable":true,"href":"https:\/\/www.radiomoradebre.cat\/wp\/wp-json\/wp\/v2\/users\/3"}],"replies":[{"embeddable":true,"href":"https:\/\/www.radiomoradebre.cat\/wp\/wp-json\/wp\/v2\/comments?post=41109"}],"version-history":[{"count":1,"href":"https:\/\/www.radiomoradebre.cat\/wp\/wp-json\/wp\/v2\/posts\/41109\/revisions"}],"predecessor-version":[{"id":41110,"href":"https:\/\/www.radiomoradebre.cat\/wp\/wp-json\/wp\/v2\/posts\/41109\/revisions\/41110"}],"wp:attachment":[{"href":"https:\/\/www.radiomoradebre.cat\/wp\/wp-json\/wp\/v2\/media?parent=41109"}],"wp:term":[{"taxonomy":"category","embeddable":true,"href":"https:\/\/www.radiomoradebre.cat\/wp\/wp-json\/wp\/v2\/categories?post=41109"},{"taxonomy":"post_tag","embeddable":true,"href":"https:\/\/www.radiomoradebre.cat\/wp\/wp-json\/wp\/v2\/tags?post=41109"}],"curies":[{"name":"wp","href":"https:\/\/api.w.org\/{rel}","templated":true}]}}