
{"id":4045,"date":"2013-09-05T10:29:20","date_gmt":"2013-09-05T08:29:20","guid":{"rendered":"http:\/\/radiomoradebre.cat\/wp\/?p=4045"},"modified":"2013-09-05T10:29:20","modified_gmt":"2013-09-05T08:29:20","slug":"multes-als-que-no-hagin-passat-la-itv-i-hagin-estat-avisats","status":"publish","type":"post","link":"https:\/\/www.radiomoradebre.cat\/wp\/2013\/09\/05\/multes-als-que-no-hagin-passat-la-itv-i-hagin-estat-avisats\/","title":{"rendered":"Multes als que no hagin passat la ITV i hagin estat avisats"},"content":{"rendered":"<p><em><strong>Tr\u00e0nsit comen\u00e7ar\u00e0 a multar a partir del mes de novembre els conductors a qui ja havia avisat per carta despr\u00e9s de no passar la ITV obligat\u00f2ria. Ara est\u00e0 acabant de recollir totes les dades per saber quins vehicles circulen amb la inspecci\u00f3 caducada i si els tornen a enxampar circulant o els detecta un lector de matr\u00edcules rebran una sanci\u00f3.\u00a0Segons els experts, l&#8217;envelliment dels vehicles t\u00e9 una incid\u00e8ncia important en els accidents.<\/strong><\/em><\/p>\n<p>En 6 de cada 10 sinistres mortals d&#8217;aquest any el cotxe tenia m\u00e9s de 7 anys. El director de Tr\u00e0nsit, Joan Josep Isern insisteix des del mes de mar\u00e7 que perseguir\u00e0 els\u00a0conductors que portin el cotxe amb la ITV caducada.\u00a0Per saber-ho, Tr\u00e0nsit\u00a0crea una base de dades amb la DGT i\u00a0amb Ind\u00fastria\u00a0amb totes\u00a0les matr\u00edcules dels cotxes que els tocaria haver passat per l&#8217;estaci\u00f3\u00a0d&#8217;inspecci\u00f3.\u00a0Un cop avisats, els podr\u00e0 multar si els mossos el\u00a0detecten circulant o si un lector a la carretera capta el\u00a0vehicle passant per un d&#8217;aquests punts.\u00a0Durant aquest mes comen\u00e7ar\u00e0 a\u00a0enviar cartes\u00a0advertint-los, segons ha explicat el director del Servei Catal\u00e0 de Tr\u00e0nsit, Joan Josep Isern:<\/p>\n<p><a href=\"http:\/\/radiomoradebre.cat\/wp\/wp-content\/uploads\/2013\/09\/JOAN-JOSEP-ISERN-4-9-ITV-TRANSIT.wav\">JOAN JOSEP ISERN 4-9 ITV TRANSIT<\/a><\/p>\n<p>Fins el 31 d&#8217;agost d&#8217;aquest any han mort 100 persones en accidents de tr\u00e0nsit a les carreteres catalanes, s\u00f3n 43 menys que en el mateix per\u00edode de l&#8217;any passat. Les dades a Tarragona s\u00f3n molt millors que l&#8217;any passat, tot i que encara cal lamentar la mort de 3 persones, l&#8217;any passat en van ser 7, amb la qual cosa s&#8217;ha aconseguit una reducci\u00f3 important de les v\u00edctimes a les carreteres. Amb tot, aquesta primera setmana de Setembre ja s\u00f3n dos les v\u00edctimes mortals a la carretera a la demarcaci\u00f3.<\/p>\n","protected":false},"excerpt":{"rendered":"<p>Tr\u00e0nsit comen\u00e7ar\u00e0 a multar a partir del mes de novembre els conductors a qui ja havia avisat per carta despr\u00e9s de no passar la ITV obligat\u00f2ria. Ara est\u00e0 acabant de recollir totes les dades per saber quins vehicles circulen amb &hellip; <a href=\"https:\/\/www.radiomoradebre.cat\/wp\/2013\/09\/05\/multes-als-que-no-hagin-passat-la-itv-i-hagin-estat-avisats\/\">Continue reading <span class=\"meta-nav\">&rarr;<\/span><\/a><\/p>\n","protected":false},"author":3,"featured_media":0,"comment_status":"closed","ping_status":"open","sticky":false,"template":"","format":"standard","meta":{"footnotes":""},"categories":[2],"tags":[1794,231,1793,1792,1791],"class_list":["post-4045","post","type-post","status-publish","format-standard","hentry","category-noticies","tag-accidents","tag-carretera","tag-itv","tag-multes","tag-trransit"],"_links":{"self":[{"href":"https:\/\/www.radiomoradebre.cat\/wp\/wp-json\/wp\/v2\/posts\/4045","targetHints":{"allow":["GET"]}}],"collection":[{"href":"https:\/\/www.radiomoradebre.cat\/wp\/wp-json\/wp\/v2\/posts"}],"about":[{"href":"https:\/\/www.radiomoradebre.cat\/wp\/wp-json\/wp\/v2\/types\/post"}],"author":[{"embeddable":true,"href":"https:\/\/www.radiomoradebre.cat\/wp\/wp-json\/wp\/v2\/users\/3"}],"replies":[{"embeddable":true,"href":"https:\/\/www.radiomoradebre.cat\/wp\/wp-json\/wp\/v2\/comments?post=4045"}],"version-history":[{"count":1,"href":"https:\/\/www.radiomoradebre.cat\/wp\/wp-json\/wp\/v2\/posts\/4045\/revisions"}],"predecessor-version":[{"id":4046,"href":"https:\/\/www.radiomoradebre.cat\/wp\/wp-json\/wp\/v2\/posts\/4045\/revisions\/4046"}],"wp:attachment":[{"href":"https:\/\/www.radiomoradebre.cat\/wp\/wp-json\/wp\/v2\/media?parent=4045"}],"wp:term":[{"taxonomy":"category","embeddable":true,"href":"https:\/\/www.radiomoradebre.cat\/wp\/wp-json\/wp\/v2\/categories?post=4045"},{"taxonomy":"post_tag","embeddable":true,"href":"https:\/\/www.radiomoradebre.cat\/wp\/wp-json\/wp\/v2\/tags?post=4045"}],"curies":[{"name":"wp","href":"https:\/\/api.w.org\/{rel}","templated":true}]}}