
{"id":40331,"date":"2020-02-12T13:03:31","date_gmt":"2020-02-12T12:03:31","guid":{"rendered":"http:\/\/radiomoradebre.cat\/wp\/?p=40331"},"modified":"2020-02-12T13:03:33","modified_gmt":"2020-02-12T12:03:33","slug":"cinema-especial-oscars-amb-aureli-villalbi-12-2-20","status":"publish","type":"post","link":"https:\/\/www.radiomoradebre.cat\/wp\/2020\/02\/12\/cinema-especial-oscars-amb-aureli-villalbi-12-2-20\/","title":{"rendered":"Cinema especial Oscars amb Aureli Villalb\u00ed (12-2-20)"},"content":{"rendered":"\n<p>CINEMA. Al programa d&#8217;aquesta setmana et portem les estrenes, la cartellera del territori i fem un rep\u00e0s als premis Oscar de Hollywood i la triomfadora &#8220;Par\u00e0sits&#8221; amb Aureli Villalb\u00ed. <\/p>\n\n\n\n<figure class=\"wp-block-audio\"><audio controls src=\"http:\/\/radiomoradebre.cat\/wp\/wp-content\/uploads\/2020\/02\/CINEMA-12-2-20-ESPECIAL-OSCARS-AMBA-AURELI-VILLALBI.mp3\"><\/audio><\/figure>\n\n\n\n<figure class=\"wp-block-image size-large\"><img loading=\"lazy\" decoding=\"async\" width=\"1024\" height=\"768\" src=\"http:\/\/radiomoradebre.cat\/wp\/wp-content\/uploads\/2020\/02\/AURELI-CINE-1024x768.jpg\" alt=\"\" class=\"wp-image-40332\" srcset=\"https:\/\/www.radiomoradebre.cat\/wp\/wp-content\/uploads\/2020\/02\/AURELI-CINE-1024x768.jpg 1024w, https:\/\/www.radiomoradebre.cat\/wp\/wp-content\/uploads\/2020\/02\/AURELI-CINE-300x225.jpg 300w, https:\/\/www.radiomoradebre.cat\/wp\/wp-content\/uploads\/2020\/02\/AURELI-CINE-768x576.jpg 768w, https:\/\/www.radiomoradebre.cat\/wp\/wp-content\/uploads\/2020\/02\/AURELI-CINE-1536x1152.jpg 1536w, https:\/\/www.radiomoradebre.cat\/wp\/wp-content\/uploads\/2020\/02\/AURELI-CINE-2048x1536.jpg 2048w\" sizes=\"auto, (max-width: 1024px) 100vw, 1024px\" \/><figcaption>IMATGE. Aureli Villalb\u00ed. <\/figcaption><\/figure>\n","protected":false},"excerpt":{"rendered":"<p>CINEMA. Al programa d&#8217;aquesta setmana et portem les estrenes, la cartellera del territori i fem un rep\u00e0s als premis Oscar de Hollywood i la triomfadora &#8220;Par\u00e0sits&#8221; amb Aureli Villalb\u00ed.<\/p>\n","protected":false},"author":3,"featured_media":0,"comment_status":"closed","ping_status":"open","sticky":false,"template":"","format":"standard","meta":{"footnotes":""},"categories":[12],"tags":[860,69,3265,17077,902,23455,18173,3736,2152,19585,18314,21,22729,5736,14946,4328,4109,15551,19992,23454,26],"class_list":["post-40331","post","type-post","status-publish","format-standard","hentry","category-horamoradebre","tag-arnes","tag-asco","tag-audiovisual","tag-aureli-villalbi","tag-batea","tag-bong-joon-ho","tag-cartellera","tag-cine","tag-cinema","tag-cinema-flix","tag-estrenes-cinema","tag-falset","tag-frozen-2","tag-gisela","tag-hollywood","tag-oscar","tag-oscars","tag-parasits","tag-pellicula","tag-premis-voc-omnium-cultural","tag-terra-alta"],"_links":{"self":[{"href":"https:\/\/www.radiomoradebre.cat\/wp\/wp-json\/wp\/v2\/posts\/40331","targetHints":{"allow":["GET"]}}],"collection":[{"href":"https:\/\/www.radiomoradebre.cat\/wp\/wp-json\/wp\/v2\/posts"}],"about":[{"href":"https:\/\/www.radiomoradebre.cat\/wp\/wp-json\/wp\/v2\/types\/post"}],"author":[{"embeddable":true,"href":"https:\/\/www.radiomoradebre.cat\/wp\/wp-json\/wp\/v2\/users\/3"}],"replies":[{"embeddable":true,"href":"https:\/\/www.radiomoradebre.cat\/wp\/wp-json\/wp\/v2\/comments?post=40331"}],"version-history":[{"count":1,"href":"https:\/\/www.radiomoradebre.cat\/wp\/wp-json\/wp\/v2\/posts\/40331\/revisions"}],"predecessor-version":[{"id":40333,"href":"https:\/\/www.radiomoradebre.cat\/wp\/wp-json\/wp\/v2\/posts\/40331\/revisions\/40333"}],"wp:attachment":[{"href":"https:\/\/www.radiomoradebre.cat\/wp\/wp-json\/wp\/v2\/media?parent=40331"}],"wp:term":[{"taxonomy":"category","embeddable":true,"href":"https:\/\/www.radiomoradebre.cat\/wp\/wp-json\/wp\/v2\/categories?post=40331"},{"taxonomy":"post_tag","embeddable":true,"href":"https:\/\/www.radiomoradebre.cat\/wp\/wp-json\/wp\/v2\/tags?post=40331"}],"curies":[{"name":"wp","href":"https:\/\/api.w.org\/{rel}","templated":true}]}}