
{"id":39587,"date":"2019-11-27T14:58:05","date_gmt":"2019-11-27T13:58:05","guid":{"rendered":"http:\/\/radiomoradebre.cat\/wp\/?p=39587"},"modified":"2019-11-27T14:58:09","modified_gmt":"2019-11-27T13:58:09","slug":"informatiu-hora-14-27-11-19","status":"publish","type":"post","link":"https:\/\/www.radiomoradebre.cat\/wp\/2019\/11\/27\/informatiu-hora-14-27-11-19\/","title":{"rendered":"Informatiu HORA 14 (27-11-19)"},"content":{"rendered":"\n<p>HORA 14. A les 13.50h, de dilluns a divendres, arriba l&#8217;informatiu del migdia de R\u00e0dio M\u00f3ra d&#8217;Ebre SER amb l&#8217;actualitat de la Ribera d&#8217;Ebre, la Terra Alta i el Priorat. Amb Adriana Moncl\u00fas i Andreu Prunera. <\/p>\n\n\n\n<figure class=\"wp-block-audio\"><audio controls src=\"http:\/\/radiomoradebre.cat\/wp\/wp-content\/uploads\/2019\/11\/HORA_14_27-11-19-1.mp3\"><\/audio><\/figure>\n\n\n\n<figure class=\"wp-block-image\"><img loading=\"lazy\" decoding=\"async\" width=\"1024\" height=\"768\" src=\"http:\/\/radiomoradebre.cat\/wp\/wp-content\/uploads\/2019\/10\/MICRO-PANTALLA-1024x768.jpg\" alt=\"\" class=\"wp-image-38936\" srcset=\"https:\/\/www.radiomoradebre.cat\/wp\/wp-content\/uploads\/2019\/10\/MICRO-PANTALLA-1024x768.jpg 1024w, https:\/\/www.radiomoradebre.cat\/wp\/wp-content\/uploads\/2019\/10\/MICRO-PANTALLA-300x225.jpg 300w, https:\/\/www.radiomoradebre.cat\/wp\/wp-content\/uploads\/2019\/10\/MICRO-PANTALLA-768x576.jpg 768w\" sizes=\"auto, (max-width: 1024px) 100vw, 1024px\" \/><\/figure>\n","protected":false},"excerpt":{"rendered":"<p>HORA 14. A les 13.50h, de dilluns a divendres, arriba l&#8217;informatiu del migdia de R\u00e0dio M\u00f3ra d&#8217;Ebre SER amb l&#8217;actualitat de la Ribera d&#8217;Ebre, la Terra Alta i el Priorat. Amb Adriana Moncl\u00fas i Andreu Prunera.<\/p>\n","protected":false},"author":3,"featured_media":0,"comment_status":"closed","ping_status":"open","sticky":false,"template":"","format":"standard","meta":{"footnotes":""},"categories":[16],"tags":[2663,4024,22542,3698,16333,811,4251,3195,1704,255,3055,826,6822,20578,22832,22829,22828,21354,1712,49,247,10105,6165,22819,22831,5628,26,22827,1328,22826],"class_list":["post-39587","post","type-post","status-publish","format-standard","hentry","category-informatius","tag-adriana-monclus","tag-aerogeneradors","tag-alba-massot","tag-andreu-prunera","tag-angels-chacon","tag-energia","tag-energia-eolica","tag-fibra-optica","tag-gemma-carim","tag-generalitat","tag-hora-14","tag-impostos","tag-manel-de-la-vega","tag-marco-bernava","tag-michelin","tag-miquel-angel-escobar","tag-pais-oportunitats","tag-pais-viu","tag-parcs-eolics","tag-priorat","tag-psc","tag-psc-terres-de-lebre","tag-r15","tag-rafel-muria","tag-restaurant-quatre-molins","tag-senat","tag-terra-alta","tag-torra","tag-zdp","tag-zones-desenvolupament-prioritari"],"_links":{"self":[{"href":"https:\/\/www.radiomoradebre.cat\/wp\/wp-json\/wp\/v2\/posts\/39587","targetHints":{"allow":["GET"]}}],"collection":[{"href":"https:\/\/www.radiomoradebre.cat\/wp\/wp-json\/wp\/v2\/posts"}],"about":[{"href":"https:\/\/www.radiomoradebre.cat\/wp\/wp-json\/wp\/v2\/types\/post"}],"author":[{"embeddable":true,"href":"https:\/\/www.radiomoradebre.cat\/wp\/wp-json\/wp\/v2\/users\/3"}],"replies":[{"embeddable":true,"href":"https:\/\/www.radiomoradebre.cat\/wp\/wp-json\/wp\/v2\/comments?post=39587"}],"version-history":[{"count":2,"href":"https:\/\/www.radiomoradebre.cat\/wp\/wp-json\/wp\/v2\/posts\/39587\/revisions"}],"predecessor-version":[{"id":39590,"href":"https:\/\/www.radiomoradebre.cat\/wp\/wp-json\/wp\/v2\/posts\/39587\/revisions\/39590"}],"wp:attachment":[{"href":"https:\/\/www.radiomoradebre.cat\/wp\/wp-json\/wp\/v2\/media?parent=39587"}],"wp:term":[{"taxonomy":"category","embeddable":true,"href":"https:\/\/www.radiomoradebre.cat\/wp\/wp-json\/wp\/v2\/categories?post=39587"},{"taxonomy":"post_tag","embeddable":true,"href":"https:\/\/www.radiomoradebre.cat\/wp\/wp-json\/wp\/v2\/tags?post=39587"}],"curies":[{"name":"wp","href":"https:\/\/api.w.org\/{rel}","templated":true}]}}