
{"id":39519,"date":"2019-11-25T13:00:24","date_gmt":"2019-11-25T12:00:24","guid":{"rendered":"http:\/\/radiomoradebre.cat\/wp\/?p=39519"},"modified":"2019-11-25T13:00:27","modified_gmt":"2019-11-25T12:00:27","slug":"digit-filosofia-de-la-tecnologia-amb-ricard-faura-i-josep-miquel-vila-25-11-19","status":"publish","type":"post","link":"https:\/\/www.radiomoradebre.cat\/wp\/2019\/11\/25\/digit-filosofia-de-la-tecnologia-amb-ricard-faura-i-josep-miquel-vila-25-11-19\/","title":{"rendered":"D\u00edgit &#8211; filosofia de la tecnologia amb Ricard Faura i Josep Miquel Vila (25-11-19)"},"content":{"rendered":"\n<p>D\u00cdGIT. Al programa de tend\u00e8ncies i cultura digital de novembre amb l&#8217;Albert Pujol hem parlat de la filosofia de la tecnologia amb la companyia dels tecn\u00f2legs Ricard Faura i Josep Miquel Vila. Un programa amb la col\u00b7laboraci\u00f3 de la secci\u00f3 de cultura digital del CERE i el departament d&#8217;inform\u00e0tica del Consell Comarcal de la Ribera d&#8217;Ebre. <\/p>\n\n\n\n<figure class=\"wp-block-audio\"><audio controls src=\"http:\/\/radiomoradebre.cat\/wp\/wp-content\/uploads\/2019\/11\/DIGIT-25-11-19-FILOSOFIA-DE-LA-TECNOLOGIA.mp3\"><\/audio><\/figure>\n\n\n\n<figure class=\"wp-block-image\"><img loading=\"lazy\" decoding=\"async\" width=\"1024\" height=\"768\" src=\"http:\/\/radiomoradebre.cat\/wp\/wp-content\/uploads\/2019\/11\/IMG_5199-1024x768.jpg\" alt=\"\" class=\"wp-image-39520\" srcset=\"https:\/\/www.radiomoradebre.cat\/wp\/wp-content\/uploads\/2019\/11\/IMG_5199-1024x768.jpg 1024w, https:\/\/www.radiomoradebre.cat\/wp\/wp-content\/uploads\/2019\/11\/IMG_5199-300x225.jpg 300w, https:\/\/www.radiomoradebre.cat\/wp\/wp-content\/uploads\/2019\/11\/IMG_5199-768x576.jpg 768w\" sizes=\"auto, (max-width: 1024px) 100vw, 1024px\" \/><figcaption>IMATGE. Josep Miquel Vila i Albert Pujol amb el llibre &#8220;filosofia de la tecnologia&#8221; de Mario Bunge (25-11-19). <\/figcaption><\/figure>\n","protected":false},"excerpt":{"rendered":"<p>D\u00cdGIT. Al programa de tend\u00e8ncies i cultura digital de novembre amb l&#8217;Albert Pujol hem parlat de la filosofia de la tecnologia amb la companyia dels tecn\u00f2legs Ricard Faura i Josep Miquel Vila. Un programa amb la col\u00b7laboraci\u00f3 de la secci\u00f3 &hellip; <a href=\"https:\/\/www.radiomoradebre.cat\/wp\/2019\/11\/25\/digit-filosofia-de-la-tecnologia-amb-ricard-faura-i-josep-miquel-vila-25-11-19\/\">Continue reading <span class=\"meta-nav\">&rarr;<\/span><\/a><\/p>\n","protected":false},"author":3,"featured_media":0,"comment_status":"closed","ping_status":"open","sticky":false,"template":"","format":"standard","meta":{"footnotes":""},"categories":[12],"tags":[847,22772,22773,967,645,13098,22780,13252,13097,22778,20852,22768,13717,22770,22771,22769,14094,17208,22774,22775,22776,22767,2145,13249,22777,296],"class_list":["post-39519","post","type-post","status-publish","format-standard","hentry","category-horamoradebre","tag-albert-pujol","tag-alfons-barcelo","tag-antoni-hernandez-fernandez","tag-cere","tag-consell-comarcal-ribera-debre","tag-cultura-digital","tag-daft-punk","tag-departament-informatica-del-consell-comarcal-de-la-ribera-debre","tag-digit","tag-escletxa-digital","tag-filosofia","tag-filosofia-de-la-tecnologia","tag-josep-miquel-vila","tag-lia-sampai","tag-o-bunge","tag-pinyols-de-gel","tag-ricard-faura","tag-seccio-cultura-digital-cere","tag-tecnoetica","tag-tecnofilics","tag-tecnofobis","tag-tecnoleg","tag-tecnologia","tag-tendencies-digitals","tag-tercera-cultura","tag-vinebre"],"_links":{"self":[{"href":"https:\/\/www.radiomoradebre.cat\/wp\/wp-json\/wp\/v2\/posts\/39519","targetHints":{"allow":["GET"]}}],"collection":[{"href":"https:\/\/www.radiomoradebre.cat\/wp\/wp-json\/wp\/v2\/posts"}],"about":[{"href":"https:\/\/www.radiomoradebre.cat\/wp\/wp-json\/wp\/v2\/types\/post"}],"author":[{"embeddable":true,"href":"https:\/\/www.radiomoradebre.cat\/wp\/wp-json\/wp\/v2\/users\/3"}],"replies":[{"embeddable":true,"href":"https:\/\/www.radiomoradebre.cat\/wp\/wp-json\/wp\/v2\/comments?post=39519"}],"version-history":[{"count":1,"href":"https:\/\/www.radiomoradebre.cat\/wp\/wp-json\/wp\/v2\/posts\/39519\/revisions"}],"predecessor-version":[{"id":39521,"href":"https:\/\/www.radiomoradebre.cat\/wp\/wp-json\/wp\/v2\/posts\/39519\/revisions\/39521"}],"wp:attachment":[{"href":"https:\/\/www.radiomoradebre.cat\/wp\/wp-json\/wp\/v2\/media?parent=39519"}],"wp:term":[{"taxonomy":"category","embeddable":true,"href":"https:\/\/www.radiomoradebre.cat\/wp\/wp-json\/wp\/v2\/categories?post=39519"},{"taxonomy":"post_tag","embeddable":true,"href":"https:\/\/www.radiomoradebre.cat\/wp\/wp-json\/wp\/v2\/tags?post=39519"}],"curies":[{"name":"wp","href":"https:\/\/api.w.org\/{rel}","templated":true}]}}