
{"id":38380,"date":"2019-08-28T13:11:26","date_gmt":"2019-08-28T11:11:26","guid":{"rendered":"http:\/\/radiomoradebre.cat\/wp\/?p=38380"},"modified":"2019-08-28T13:11:40","modified_gmt":"2019-08-28T11:11:40","slug":"la-festa-de-la-jota-de-la-ribera-tindra-lloc-el-7-de-setembre-a-la-palma-debre","status":"publish","type":"post","link":"https:\/\/www.radiomoradebre.cat\/wp\/2019\/08\/28\/la-festa-de-la-jota-de-la-ribera-tindra-lloc-el-7-de-setembre-a-la-palma-debre\/","title":{"rendered":"La festa de la Jota de la Ribera tindr\u00e0 lloc el 7 de setembre a la Palma d&#8217;Ebre"},"content":{"rendered":"\n<p><strong><em>La pla\u00e7a Catalunya de la Palma d\u2019Ebre acollir\u00e0 la desena edici\u00f3 de la Festa de la jota de la Ribera d\u2019Ebre en una diada on es ballaran les jotes tradicional de cadascun dels setze pobles riberencs.<\/em><\/strong><\/p>\n\n\n\n<p><strong><em>La novetat d\u2019enguany ser\u00e0 la creaci\u00f3 en directe de diferents obres art\u00edstiques, que es posaran a la venta durant la festa i tots els beneficis aniran a c\u00e0rrec de la campanya Rebrotem.<\/em><\/strong><\/p>\n\n\n\n<p><strong><em>La ballada tamb\u00e9 anir\u00e0 acompanyada d\u2019una mostra de productes locals.<\/em><\/strong><\/p>\n\n\n\n<p>ANDREU PRUNERA<\/p>\n\n\n\n<figure class=\"wp-block-audio\"><audio controls src=\"http:\/\/radiomoradebre.cat\/wp\/wp-content\/uploads\/2019\/08\/CRO-28-08-19-festa-jota.mp3\"><\/audio><\/figure>\n\n\n\n<figure class=\"wp-block-image\"><img loading=\"lazy\" decoding=\"async\" width=\"553\" height=\"1024\" src=\"http:\/\/radiomoradebre.cat\/wp\/wp-content\/uploads\/2019\/08\/EC-MlMlXYAA7gy6-553x1024.jpg\" alt=\"\" class=\"wp-image-38382\" srcset=\"https:\/\/www.radiomoradebre.cat\/wp\/wp-content\/uploads\/2019\/08\/EC-MlMlXYAA7gy6-553x1024.jpg 553w, https:\/\/www.radiomoradebre.cat\/wp\/wp-content\/uploads\/2019\/08\/EC-MlMlXYAA7gy6-162x300.jpg 162w, https:\/\/www.radiomoradebre.cat\/wp\/wp-content\/uploads\/2019\/08\/EC-MlMlXYAA7gy6-768x1422.jpg 768w, https:\/\/www.radiomoradebre.cat\/wp\/wp-content\/uploads\/2019\/08\/EC-MlMlXYAA7gy6.jpg 864w\" sizes=\"auto, (max-width: 553px) 100vw, 553px\" \/><\/figure>\n","protected":false},"excerpt":{"rendered":"<p>La pla\u00e7a Catalunya de la Palma d\u2019Ebre acollir\u00e0 la desena edici\u00f3 de la Festa de la jota de la Ribera d\u2019Ebre en una diada on es ballaran les jotes tradicional de cadascun dels setze pobles riberencs. La novetat d\u2019enguany ser\u00e0 &hellip; <a href=\"https:\/\/www.radiomoradebre.cat\/wp\/2019\/08\/28\/la-festa-de-la-jota-de-la-ribera-tindra-lloc-el-7-de-setembre-a-la-palma-debre\/\">Continue reading <span class=\"meta-nav\">&rarr;<\/span><\/a><\/p>\n","protected":false},"author":3,"featured_media":0,"comment_status":"closed","ping_status":"open","sticky":false,"template":"","format":"standard","meta":{"footnotes":""},"categories":[2],"tags":[1464,313],"class_list":["post-38380","post","type-post","status-publish","format-standard","hentry","category-noticies","tag-ball","tag-jota"],"_links":{"self":[{"href":"https:\/\/www.radiomoradebre.cat\/wp\/wp-json\/wp\/v2\/posts\/38380","targetHints":{"allow":["GET"]}}],"collection":[{"href":"https:\/\/www.radiomoradebre.cat\/wp\/wp-json\/wp\/v2\/posts"}],"about":[{"href":"https:\/\/www.radiomoradebre.cat\/wp\/wp-json\/wp\/v2\/types\/post"}],"author":[{"embeddable":true,"href":"https:\/\/www.radiomoradebre.cat\/wp\/wp-json\/wp\/v2\/users\/3"}],"replies":[{"embeddable":true,"href":"https:\/\/www.radiomoradebre.cat\/wp\/wp-json\/wp\/v2\/comments?post=38380"}],"version-history":[{"count":1,"href":"https:\/\/www.radiomoradebre.cat\/wp\/wp-json\/wp\/v2\/posts\/38380\/revisions"}],"predecessor-version":[{"id":38383,"href":"https:\/\/www.radiomoradebre.cat\/wp\/wp-json\/wp\/v2\/posts\/38380\/revisions\/38383"}],"wp:attachment":[{"href":"https:\/\/www.radiomoradebre.cat\/wp\/wp-json\/wp\/v2\/media?parent=38380"}],"wp:term":[{"taxonomy":"category","embeddable":true,"href":"https:\/\/www.radiomoradebre.cat\/wp\/wp-json\/wp\/v2\/categories?post=38380"},{"taxonomy":"post_tag","embeddable":true,"href":"https:\/\/www.radiomoradebre.cat\/wp\/wp-json\/wp\/v2\/tags?post=38380"}],"curies":[{"name":"wp","href":"https:\/\/api.w.org\/{rel}","templated":true}]}}