
{"id":38319,"date":"2019-08-20T14:05:28","date_gmt":"2019-08-20T12:05:28","guid":{"rendered":"http:\/\/radiomoradebre.cat\/wp\/?p=38319"},"modified":"2019-08-20T14:05:31","modified_gmt":"2019-08-20T12:05:31","slug":"entrevista-antoni-ferre-festa-de-lametlla-la-pobla-de-massaluca-20-8-19","status":"publish","type":"post","link":"https:\/\/www.radiomoradebre.cat\/wp\/2019\/08\/20\/entrevista-antoni-ferre-festa-de-lametlla-la-pobla-de-massaluca-20-8-19\/","title":{"rendered":"Entrevista Antoni Ferre &#8211; festa de l&#8217;ametlla la Pobla de Massaluca (20-8-19)"},"content":{"rendered":"\n<p>HORA M\u00d3RA D&#8217;EBRE. L&#8217;alcalde de la Pobla de Massaluca ens presenta la sisena edici\u00f3 de la festa de l&#8217;ametlla de la Pobla que tindr\u00e0 lloc aquest diumenge 25 d&#8217;agost. <\/p>\n\n\n\n<figure class=\"wp-block-audio\"><audio controls src=\"http:\/\/radiomoradebre.cat\/wp\/wp-content\/uploads\/2019\/08\/ENTREVISTA-ANTONI-FERRE-8-19-FESTA-AMETLLA-LA-POBLA-MASSALUCA.mp3\"><\/audio><\/figure>\n\n\n\n<figure class=\"wp-block-image\"><img loading=\"lazy\" decoding=\"async\" width=\"1024\" height=\"683\" src=\"http:\/\/radiomoradebre.cat\/wp\/wp-content\/uploads\/2019\/08\/IMG_3644-1024x683.jpg\" alt=\"\" class=\"wp-image-38320\" srcset=\"https:\/\/www.radiomoradebre.cat\/wp\/wp-content\/uploads\/2019\/08\/IMG_3644-1024x683.jpg 1024w, https:\/\/www.radiomoradebre.cat\/wp\/wp-content\/uploads\/2019\/08\/IMG_3644-300x200.jpg 300w, https:\/\/www.radiomoradebre.cat\/wp\/wp-content\/uploads\/2019\/08\/IMG_3644-768x512.jpg 768w\" sizes=\"auto, (max-width: 1024px) 100vw, 1024px\" \/><figcaption>IMATGE. Antoni Ferre, alalde de la Pobla de Massaluca, als estudis de R\u00e0dio M\u00f3ra d&#8217;Ebre SER. (20-8-19)<\/figcaption><\/figure>\n","protected":false},"excerpt":{"rendered":"<p>HORA M\u00d3RA D&#8217;EBRE. L&#8217;alcalde de la Pobla de Massaluca ens presenta la sisena edici\u00f3 de la festa de l&#8217;ametlla de la Pobla que tindr\u00e0 lloc aquest diumenge 25 d&#8217;agost.<\/p>\n","protected":false},"author":3,"featured_media":0,"comment_status":"closed","ping_status":"open","sticky":false,"template":"","format":"standard","meta":{"footnotes":""},"categories":[12],"tags":[7039,8394,21608,21607,17572,21606,21605,18176,17614,17617,26,212],"class_list":["post-38319","post","type-post","status-publish","format-standard","hentry","category-horamoradebre","tag-ametlla","tag-antoni-ferre","tag-cooperativa-agricola-caterra","tag-cooperativa-caterra-pobla","tag-cooperativa-la-pobla-de-massaluca","tag-eco-entorn","tag-eco-entorn-massaluca","tag-ecoturisme","tag-festa-ametlla","tag-festa-ametlla-la-pobla-de-masaluca","tag-terra-alta","tag-turisme"],"_links":{"self":[{"href":"https:\/\/www.radiomoradebre.cat\/wp\/wp-json\/wp\/v2\/posts\/38319","targetHints":{"allow":["GET"]}}],"collection":[{"href":"https:\/\/www.radiomoradebre.cat\/wp\/wp-json\/wp\/v2\/posts"}],"about":[{"href":"https:\/\/www.radiomoradebre.cat\/wp\/wp-json\/wp\/v2\/types\/post"}],"author":[{"embeddable":true,"href":"https:\/\/www.radiomoradebre.cat\/wp\/wp-json\/wp\/v2\/users\/3"}],"replies":[{"embeddable":true,"href":"https:\/\/www.radiomoradebre.cat\/wp\/wp-json\/wp\/v2\/comments?post=38319"}],"version-history":[{"count":1,"href":"https:\/\/www.radiomoradebre.cat\/wp\/wp-json\/wp\/v2\/posts\/38319\/revisions"}],"predecessor-version":[{"id":38321,"href":"https:\/\/www.radiomoradebre.cat\/wp\/wp-json\/wp\/v2\/posts\/38319\/revisions\/38321"}],"wp:attachment":[{"href":"https:\/\/www.radiomoradebre.cat\/wp\/wp-json\/wp\/v2\/media?parent=38319"}],"wp:term":[{"taxonomy":"category","embeddable":true,"href":"https:\/\/www.radiomoradebre.cat\/wp\/wp-json\/wp\/v2\/categories?post=38319"},{"taxonomy":"post_tag","embeddable":true,"href":"https:\/\/www.radiomoradebre.cat\/wp\/wp-json\/wp\/v2\/tags?post=38319"}],"curies":[{"name":"wp","href":"https:\/\/api.w.org\/{rel}","templated":true}]}}