
{"id":37672,"date":"2019-05-08T10:24:47","date_gmt":"2019-05-08T08:24:47","guid":{"rendered":"http:\/\/radiomoradebre.cat\/wp\/?p=37672"},"modified":"2019-05-08T10:24:48","modified_gmt":"2019-05-08T08:24:48","slug":"entrevista-gemma-carim-festes-de-sant-miquel-a-vinebre-2019","status":"publish","type":"post","link":"https:\/\/www.radiomoradebre.cat\/wp\/2019\/05\/08\/entrevista-gemma-carim-festes-de-sant-miquel-a-vinebre-2019\/","title":{"rendered":"Entrevista Gemma Carim &#8211; Festes de Sant Miquel a Vinebre 2019"},"content":{"rendered":"\n<p><strong><em> Amb l&#8217;alcaldessa de Vinebre, Gemma Carim, parlem de les Festes de Sant Miquel, les m\u00e9s emblem\u00e0tiques a la poblaci\u00f3, que arriben aquest cap de setmana. Comencen aquest divendres amb la plantada de l&#8217;aubi petit, la festa de la nit i dissabte hi haur\u00e0 la tradicional process\u00f3 del Sant, amb els carrers ornamentats i despr\u00e9s, tothom a l&#8217;ermita per celebrar una gran diada familiar i de germanor. Diumenge hi haur\u00e0 el dinar de paella i, com a novetat, un espectacle d&#8217;humor de tribut a Pepe Rubianes! <\/em><\/strong><\/p>\n\n\n\n<figure class=\"wp-block-audio\"><audio controls src=\"http:\/\/radiomoradebre.cat\/wp\/wp-content\/uploads\/2019\/05\/Entrevista-Gemma-Carim-Sant-Miquel-2019.mp3\"><\/audio><\/figure>\n\n\n\n<figure class=\"wp-block-image\"><img loading=\"lazy\" decoding=\"async\" width=\"1024\" height=\"668\" src=\"http:\/\/radiomoradebre.cat\/wp\/wp-content\/uploads\/2019\/05\/Programa-SM19-web_pages-to-jpg-0001-1024x668-1024x668.jpg\" alt=\"\" class=\"wp-image-37673\" srcset=\"https:\/\/www.radiomoradebre.cat\/wp\/wp-content\/uploads\/2019\/05\/Programa-SM19-web_pages-to-jpg-0001-1024x668.jpg 1024w, https:\/\/www.radiomoradebre.cat\/wp\/wp-content\/uploads\/2019\/05\/Programa-SM19-web_pages-to-jpg-0001-1024x668-300x196.jpg 300w, https:\/\/www.radiomoradebre.cat\/wp\/wp-content\/uploads\/2019\/05\/Programa-SM19-web_pages-to-jpg-0001-1024x668-768x501.jpg 768w\" sizes=\"auto, (max-width: 1024px) 100vw, 1024px\" \/><\/figure>\n","protected":false},"excerpt":{"rendered":"<p>Amb l&#8217;alcaldessa de Vinebre, Gemma Carim, parlem de les Festes de Sant Miquel, les m\u00e9s emblem\u00e0tiques a la poblaci\u00f3, que arriben aquest cap de setmana. Comencen aquest divendres amb la plantada de l&#8217;aubi petit, la festa de la nit i &hellip; <a href=\"https:\/\/www.radiomoradebre.cat\/wp\/2019\/05\/08\/entrevista-gemma-carim-festes-de-sant-miquel-a-vinebre-2019\/\">Continue reading <span class=\"meta-nav\">&rarr;<\/span><\/a><\/p>\n","protected":false},"author":3,"featured_media":0,"comment_status":"closed","ping_status":"open","sticky":false,"template":"","format":"standard","meta":{"footnotes":""},"categories":[2],"tags":[],"class_list":["post-37672","post","type-post","status-publish","format-standard","hentry","category-noticies"],"_links":{"self":[{"href":"https:\/\/www.radiomoradebre.cat\/wp\/wp-json\/wp\/v2\/posts\/37672","targetHints":{"allow":["GET"]}}],"collection":[{"href":"https:\/\/www.radiomoradebre.cat\/wp\/wp-json\/wp\/v2\/posts"}],"about":[{"href":"https:\/\/www.radiomoradebre.cat\/wp\/wp-json\/wp\/v2\/types\/post"}],"author":[{"embeddable":true,"href":"https:\/\/www.radiomoradebre.cat\/wp\/wp-json\/wp\/v2\/users\/3"}],"replies":[{"embeddable":true,"href":"https:\/\/www.radiomoradebre.cat\/wp\/wp-json\/wp\/v2\/comments?post=37672"}],"version-history":[{"count":1,"href":"https:\/\/www.radiomoradebre.cat\/wp\/wp-json\/wp\/v2\/posts\/37672\/revisions"}],"predecessor-version":[{"id":37674,"href":"https:\/\/www.radiomoradebre.cat\/wp\/wp-json\/wp\/v2\/posts\/37672\/revisions\/37674"}],"wp:attachment":[{"href":"https:\/\/www.radiomoradebre.cat\/wp\/wp-json\/wp\/v2\/media?parent=37672"}],"wp:term":[{"taxonomy":"category","embeddable":true,"href":"https:\/\/www.radiomoradebre.cat\/wp\/wp-json\/wp\/v2\/categories?post=37672"},{"taxonomy":"post_tag","embeddable":true,"href":"https:\/\/www.radiomoradebre.cat\/wp\/wp-json\/wp\/v2\/tags?post=37672"}],"curies":[{"name":"wp","href":"https:\/\/api.w.org\/{rel}","templated":true}]}}