
{"id":37625,"date":"2019-04-30T13:29:08","date_gmt":"2019-04-30T11:29:08","guid":{"rendered":"http:\/\/radiomoradebre.cat\/wp\/?p=37625"},"modified":"2019-04-30T13:29:10","modified_gmt":"2019-04-30T11:29:10","slug":"digit-arxiu-i-suports-digitals-amb-mari-carme-jimenez-i-enric-cobo","status":"publish","type":"post","link":"https:\/\/www.radiomoradebre.cat\/wp\/2019\/04\/30\/digit-arxiu-i-suports-digitals-amb-mari-carme-jimenez-i-enric-cobo\/","title":{"rendered":"D\u00edgit &#8211; Arxiu i suports digitals amb Mari Carme J\u00edm\u00e9nez i Enric Cobo"},"content":{"rendered":"\n<p>Al D\u00edgit d&#8217;aquest dilluns -29 d&#8217;abril- hem parlat dels arxius i tot el proc\u00e9s de digitalitzaci\u00f3 que estan experimentant, la import\u00e0ncia en la feina dels arxivers i la democratitzaci\u00f3 del coneixement que suposar\u00e0 tenir acc\u00e9s als arxius a trav\u00e9s d&#8217;Internet.<\/p>\n\n\n\n<p>Sota la batuta d&#8217;Albert Pujol, n&#8217;hem pogut parlar amb Enric Cobo, cap del servei de coordinaci\u00f3 d&#8217;Arxius de la Generalitat, i Mari Carme Jim\u00e9nez, directora de l&#8217;Institut Ramon Muntaner (IRMU).<\/p>\n\n\n\n<figure class=\"wp-block-audio\"><audio controls src=\"http:\/\/radiomoradebre.cat\/wp\/wp-content\/uploads\/2019\/04\/DIGIT-29-04-19-arxius.mp3\"><\/audio><\/figure>\n\n\n\n<figure class=\"wp-block-image\"><img loading=\"lazy\" decoding=\"async\" width=\"1024\" height=\"512\" src=\"http:\/\/radiomoradebre.cat\/wp\/wp-content\/uploads\/2019\/04\/20190429_113857-1024x512.jpg\" alt=\"\" class=\"wp-image-37627\" srcset=\"https:\/\/www.radiomoradebre.cat\/wp\/wp-content\/uploads\/2019\/04\/20190429_113857-1024x512.jpg 1024w, https:\/\/www.radiomoradebre.cat\/wp\/wp-content\/uploads\/2019\/04\/20190429_113857-300x150.jpg 300w, https:\/\/www.radiomoradebre.cat\/wp\/wp-content\/uploads\/2019\/04\/20190429_113857-768x384.jpg 768w\" sizes=\"auto, (max-width: 1024px) 100vw, 1024px\" \/><\/figure>\n\n\n\n<p><br><\/p>\n","protected":false},"excerpt":{"rendered":"<p>Al D\u00edgit d&#8217;aquest dilluns -29 d&#8217;abril- hem parlat dels arxius i tot el proc\u00e9s de digitalitzaci\u00f3 que estan experimentant, la import\u00e0ncia en la feina dels arxivers i la democratitzaci\u00f3 del coneixement que suposar\u00e0 tenir acc\u00e9s als arxius a trav\u00e9s d&#8217;Internet. &hellip; <a href=\"https:\/\/www.radiomoradebre.cat\/wp\/2019\/04\/30\/digit-arxiu-i-suports-digitals-amb-mari-carme-jimenez-i-enric-cobo\/\">Continue reading <span class=\"meta-nav\">&rarr;<\/span><\/a><\/p>\n","protected":false},"author":3,"featured_media":0,"comment_status":"closed","ping_status":"open","sticky":false,"template":"","format":"standard","meta":{"footnotes":""},"categories":[2],"tags":[847,3478,13097,4212,21134,1021,1274,3617,14176],"class_list":["post-37625","post","type-post","status-publish","format-standard","hentry","category-noticies","tag-albert-pujol","tag-arxius","tag-digit","tag-digital","tag-enric-cobo","tag-institut-ramon-muntaner","tag-irmu","tag-mari-carme-jimenez","tag-noves-tecnologies"],"_links":{"self":[{"href":"https:\/\/www.radiomoradebre.cat\/wp\/wp-json\/wp\/v2\/posts\/37625","targetHints":{"allow":["GET"]}}],"collection":[{"href":"https:\/\/www.radiomoradebre.cat\/wp\/wp-json\/wp\/v2\/posts"}],"about":[{"href":"https:\/\/www.radiomoradebre.cat\/wp\/wp-json\/wp\/v2\/types\/post"}],"author":[{"embeddable":true,"href":"https:\/\/www.radiomoradebre.cat\/wp\/wp-json\/wp\/v2\/users\/3"}],"replies":[{"embeddable":true,"href":"https:\/\/www.radiomoradebre.cat\/wp\/wp-json\/wp\/v2\/comments?post=37625"}],"version-history":[{"count":1,"href":"https:\/\/www.radiomoradebre.cat\/wp\/wp-json\/wp\/v2\/posts\/37625\/revisions"}],"predecessor-version":[{"id":37628,"href":"https:\/\/www.radiomoradebre.cat\/wp\/wp-json\/wp\/v2\/posts\/37625\/revisions\/37628"}],"wp:attachment":[{"href":"https:\/\/www.radiomoradebre.cat\/wp\/wp-json\/wp\/v2\/media?parent=37625"}],"wp:term":[{"taxonomy":"category","embeddable":true,"href":"https:\/\/www.radiomoradebre.cat\/wp\/wp-json\/wp\/v2\/categories?post=37625"},{"taxonomy":"post_tag","embeddable":true,"href":"https:\/\/www.radiomoradebre.cat\/wp\/wp-json\/wp\/v2\/tags?post=37625"}],"curies":[{"name":"wp","href":"https:\/\/api.w.org\/{rel}","templated":true}]}}