
{"id":37354,"date":"2019-04-03T11:30:34","date_gmt":"2019-04-03T09:30:34","guid":{"rendered":"http:\/\/radiomoradebre.cat\/wp\/?p=37354"},"modified":"2019-04-03T11:31:01","modified_gmt":"2019-04-03T09:31:01","slug":"el-raco-del-cere-amb-loreto-meix-els-ultims-dies-de-julio-antonio-3-4-19","status":"publish","type":"post","link":"https:\/\/www.radiomoradebre.cat\/wp\/2019\/04\/03\/el-raco-del-cere-amb-loreto-meix-els-ultims-dies-de-julio-antonio-3-4-19\/","title":{"rendered":"El rac\u00f3 del CERE amb Loreto Meix &#8211; els \u00faltims dies de Julio Antonio (3-4-19)"},"content":{"rendered":"\n<p>EL RAC\u00d3 DEL CERE. Encetem col\u00b7laboraci\u00f3 amb el Centre d&#8217;Estudis de la Ribera d&#8217;Ebre on cada setmana us explicarem curiositats de la hist\u00f2ria, la cultura, les tradicions i patrimoni de la Ribera d&#8217;Ebre. Comencem amb Loreto Meix que ens parla dels \u00faltims dies de la vida de l&#8217;escultor morenc Julio Antonio. <\/p>\n\n\n\n<figure class=\"wp-block-audio\"><audio controls src=\"http:\/\/radiomoradebre.cat\/wp\/wp-content\/uploads\/2019\/04\/CERE-PINDOLA-LORETO-MEIX-ULTIMS-DIES-JULIO-ANTONIO.mp3\"><\/audio><\/figure>\n\n\n\n<figure class=\"wp-block-image\"><img loading=\"lazy\" decoding=\"async\" width=\"1024\" height=\"739\" src=\"http:\/\/radiomoradebre.cat\/wp\/wp-content\/uploads\/2019\/04\/LORETO-MEIX-1024x739.jpg\" alt=\"\" class=\"wp-image-37355\" srcset=\"https:\/\/www.radiomoradebre.cat\/wp\/wp-content\/uploads\/2019\/04\/LORETO-MEIX-1024x739.jpg 1024w, https:\/\/www.radiomoradebre.cat\/wp\/wp-content\/uploads\/2019\/04\/LORETO-MEIX-300x216.jpg 300w, https:\/\/www.radiomoradebre.cat\/wp\/wp-content\/uploads\/2019\/04\/LORETO-MEIX-768x554.jpg 768w\" sizes=\"auto, (max-width: 1024px) 100vw, 1024px\" \/><\/figure>\n","protected":false},"excerpt":{"rendered":"<p>EL RAC\u00d3 DEL CERE. Encetem col\u00b7laboraci\u00f3 amb el Centre d&#8217;Estudis de la Ribera d&#8217;Ebre on cada setmana us explicarem curiositats de la hist\u00f2ria, la cultura, les tradicions i patrimoni de la Ribera d&#8217;Ebre. Comencem amb Loreto Meix que ens parla &hellip; <a href=\"https:\/\/www.radiomoradebre.cat\/wp\/2019\/04\/03\/el-raco-del-cere-amb-loreto-meix-els-ultims-dies-de-julio-antonio-3-4-19\/\">Continue reading <span class=\"meta-nav\">&rarr;<\/span><\/a><\/p>\n","protected":false},"author":3,"featured_media":0,"comment_status":"closed","ping_status":"open","sticky":false,"template":"","format":"standard","meta":{"footnotes":""},"categories":[12],"tags":[1514,2721,18822,967,18653,6127,20764,20763,20762],"class_list":["post-37354","post","type-post","status-publish","format-standard","hentry","category-horamoradebre","tag-art","tag-centre-destudis-de-la-ribera-debre","tag-centre-estudis-ribera-debre","tag-cere","tag-gregorio-maranon","tag-loreto-meix","tag-mausoleu-lemonier","tag-mort-julio-antonio","tag-ultims-dies-de-julio-antonio"],"_links":{"self":[{"href":"https:\/\/www.radiomoradebre.cat\/wp\/wp-json\/wp\/v2\/posts\/37354","targetHints":{"allow":["GET"]}}],"collection":[{"href":"https:\/\/www.radiomoradebre.cat\/wp\/wp-json\/wp\/v2\/posts"}],"about":[{"href":"https:\/\/www.radiomoradebre.cat\/wp\/wp-json\/wp\/v2\/types\/post"}],"author":[{"embeddable":true,"href":"https:\/\/www.radiomoradebre.cat\/wp\/wp-json\/wp\/v2\/users\/3"}],"replies":[{"embeddable":true,"href":"https:\/\/www.radiomoradebre.cat\/wp\/wp-json\/wp\/v2\/comments?post=37354"}],"version-history":[{"count":1,"href":"https:\/\/www.radiomoradebre.cat\/wp\/wp-json\/wp\/v2\/posts\/37354\/revisions"}],"predecessor-version":[{"id":37356,"href":"https:\/\/www.radiomoradebre.cat\/wp\/wp-json\/wp\/v2\/posts\/37354\/revisions\/37356"}],"wp:attachment":[{"href":"https:\/\/www.radiomoradebre.cat\/wp\/wp-json\/wp\/v2\/media?parent=37354"}],"wp:term":[{"taxonomy":"category","embeddable":true,"href":"https:\/\/www.radiomoradebre.cat\/wp\/wp-json\/wp\/v2\/categories?post=37354"},{"taxonomy":"post_tag","embeddable":true,"href":"https:\/\/www.radiomoradebre.cat\/wp\/wp-json\/wp\/v2\/tags?post=37354"}],"curies":[{"name":"wp","href":"https:\/\/api.w.org\/{rel}","templated":true}]}}