
{"id":36558,"date":"2019-01-24T12:51:54","date_gmt":"2019-01-24T11:51:54","guid":{"rendered":"http:\/\/radiomoradebre.cat\/wp\/?p=36558"},"modified":"2019-01-24T12:51:54","modified_gmt":"2019-01-24T11:51:54","slug":"pinol-vol-optar-a-la-reeleccio-com-a-alcalde-de-mora-debre","status":"publish","type":"post","link":"https:\/\/www.radiomoradebre.cat\/wp\/2019\/01\/24\/pinol-vol-optar-a-la-reeleccio-com-a-alcalde-de-mora-debre\/","title":{"rendered":"Pi\u00f1ol vol optar a la reelecci\u00f3 com a alcalde de M\u00f3ra d&#8217;Ebre"},"content":{"rendered":"<p style=\"font-weight: 400;\"><em><strong>L\u2019alcalde de M\u00f3ra d\u2019Ebre, Joan Pi\u00f1ol, vol optar a la reelecci\u00f3 en les properes eleccions del mes de maig. En una entrevista a aquesta emissora, Pi\u00f1ol ha detallat que pr\u00e0cticament tot l\u2019equip de govern actual est\u00e0 disposat a continuar, si el partit els d\u00f3na confian\u00e7a.<\/strong><\/em><\/p>\n<p style=\"font-weight: 400;\"><em><strong>Segons l\u2019alcalde de M\u00f3ra d\u2019Ebre, el projecte de col\u00b7laboraci\u00f3 amb Bonson per construir una nova resid\u00e8ncia horitzontal per a la gent gran i un alberg junvenil aix\u00ed com alguns altres projectes que encara estan pendents, han acabat de convencer l\u2019actual equip per voler seguir durant una legislatura m\u00e9s.<\/strong><\/em><\/p>\n<p>ANDREU PRUNERA<\/p>\n<p><a href=\"http:\/\/radiomoradebre.cat\/wp\/wp-content\/uploads\/2019\/01\/CRO-24-01-19-pi\u00f1ol-candidat.mp3\">CRO 24-01-19 pi\u00f1ol candidat<\/a><\/p>\n<p><a href=\"http:\/\/radiomoradebre.cat\/wp\/wp-content\/uploads\/2019\/01\/IMG_0011.jpg\"><img loading=\"lazy\" decoding=\"async\" class=\"aligncenter size-medium wp-image-36526\" src=\"http:\/\/radiomoradebre.cat\/wp\/wp-content\/uploads\/2019\/01\/IMG_0011-300x244.jpg\" alt=\"\" width=\"300\" height=\"244\" srcset=\"https:\/\/www.radiomoradebre.cat\/wp\/wp-content\/uploads\/2019\/01\/IMG_0011-300x244.jpg 300w, https:\/\/www.radiomoradebre.cat\/wp\/wp-content\/uploads\/2019\/01\/IMG_0011-768x625.jpg 768w, https:\/\/www.radiomoradebre.cat\/wp\/wp-content\/uploads\/2019\/01\/IMG_0011-1024x833.jpg 1024w\" sizes=\"auto, (max-width: 300px) 100vw, 300px\" \/><\/a><\/p>\n","protected":false},"excerpt":{"rendered":"<p>L\u2019alcalde de M\u00f3ra d\u2019Ebre, Joan Pi\u00f1ol, vol optar a la reelecci\u00f3 en les properes eleccions del mes de maig. En una entrevista a aquesta emissora, Pi\u00f1ol ha detallat que pr\u00e0cticament tot l\u2019equip de govern actual est\u00e0 disposat a continuar, si &hellip; <a href=\"https:\/\/www.radiomoradebre.cat\/wp\/2019\/01\/24\/pinol-vol-optar-a-la-reeleccio-com-a-alcalde-de-mora-debre\/\">Continue reading <span class=\"meta-nav\">&rarr;<\/span><\/a><\/p>\n","protected":false},"author":3,"featured_media":0,"comment_status":"closed","ping_status":"open","sticky":false,"template":"","format":"standard","meta":{"footnotes":""},"categories":[2],"tags":[370,1833,4195,17351,185,57,8927],"class_list":["post-36558","post","type-post","status-publish","format-standard","hentry","category-noticies","tag-ajuntament-de-mora-debre","tag-eleccions","tag-eleccions-municipals","tag-eleccions-municipals-2019","tag-joan-pinol","tag-mora-debre","tag-pdecat"],"_links":{"self":[{"href":"https:\/\/www.radiomoradebre.cat\/wp\/wp-json\/wp\/v2\/posts\/36558","targetHints":{"allow":["GET"]}}],"collection":[{"href":"https:\/\/www.radiomoradebre.cat\/wp\/wp-json\/wp\/v2\/posts"}],"about":[{"href":"https:\/\/www.radiomoradebre.cat\/wp\/wp-json\/wp\/v2\/types\/post"}],"author":[{"embeddable":true,"href":"https:\/\/www.radiomoradebre.cat\/wp\/wp-json\/wp\/v2\/users\/3"}],"replies":[{"embeddable":true,"href":"https:\/\/www.radiomoradebre.cat\/wp\/wp-json\/wp\/v2\/comments?post=36558"}],"version-history":[{"count":1,"href":"https:\/\/www.radiomoradebre.cat\/wp\/wp-json\/wp\/v2\/posts\/36558\/revisions"}],"predecessor-version":[{"id":36560,"href":"https:\/\/www.radiomoradebre.cat\/wp\/wp-json\/wp\/v2\/posts\/36558\/revisions\/36560"}],"wp:attachment":[{"href":"https:\/\/www.radiomoradebre.cat\/wp\/wp-json\/wp\/v2\/media?parent=36558"}],"wp:term":[{"taxonomy":"category","embeddable":true,"href":"https:\/\/www.radiomoradebre.cat\/wp\/wp-json\/wp\/v2\/categories?post=36558"},{"taxonomy":"post_tag","embeddable":true,"href":"https:\/\/www.radiomoradebre.cat\/wp\/wp-json\/wp\/v2\/tags?post=36558"}],"curies":[{"name":"wp","href":"https:\/\/api.w.org\/{rel}","templated":true}]}}