
{"id":36400,"date":"2019-01-15T14:30:18","date_gmt":"2019-01-15T13:30:18","guid":{"rendered":"http:\/\/radiomoradebre.cat\/wp\/?p=36400"},"modified":"2019-01-15T14:30:18","modified_gmt":"2019-01-15T13:30:18","slug":"la-ugt-demana-dos-equips-medics-de-guardia-presencial-al-cap-de-flix","status":"publish","type":"post","link":"https:\/\/www.radiomoradebre.cat\/wp\/2019\/01\/15\/la-ugt-demana-dos-equips-medics-de-guardia-presencial-al-cap-de-flix\/","title":{"rendered":"La UGT demana dos equips m\u00e8dics de gu\u00e0rdia presencial al CAP de Flix"},"content":{"rendered":"<p style=\"font-weight: 400;\"><em><strong>La UGT demana que el CAP de Flix torni a tenir dos equips m\u00e8dics, formats per metge i infermera, en les gu\u00e0rdies. Actualment hi ha un equip de forma presencial i un altre en guardia localitzable.<\/strong><\/em><\/p>\n<p style=\"font-weight: 400;\"><em><strong>La Generalitat va reduir els dos equips en l\u2019\u00e8poca de les retallads segons l\u2019UGT i ara demanen que es reverteixi la situaci\u00f3n i es torni als dos equips presencials al CAP durant les gu\u00e0rdies. Segons la delegada de la UGT a la Junta de Personal d\u2019Atenci\u00f3 Prim\u00e0ria de l\u2019Institut Catal\u00e0 de la Salut, Cinta Villo, les gu\u00e0rdies localitzables s\u00f3n poc habituals i el govern les va implementar a Flix perqu\u00e8 \u00e9s m\u00e9s barat que tenir dos equips de forma presencial al centre.<\/strong><\/em><\/p>\n<p>ANDREU PRUNERA<\/p>\n<p><a href=\"http:\/\/radiomoradebre.cat\/wp\/wp-content\/uploads\/2019\/01\/CRO-15-01-19-ugt-guardia.mp3\">CRO 15-01-19 ugt guardia<\/a><\/p>\n<p><a href=\"http:\/\/radiomoradebre.cat\/wp\/wp-content\/uploads\/2019\/01\/K5qU-CAP_Flix.jpg\"><img loading=\"lazy\" decoding=\"async\" class=\"aligncenter size-medium wp-image-36402\" src=\"http:\/\/radiomoradebre.cat\/wp\/wp-content\/uploads\/2019\/01\/K5qU-CAP_Flix-300x222.jpg\" alt=\"\" width=\"300\" height=\"222\" \/><\/a><\/p>\n","protected":false},"excerpt":{"rendered":"<p>La UGT demana que el CAP de Flix torni a tenir dos equips m\u00e8dics, formats per metge i infermera, en les gu\u00e0rdies. Actualment hi ha un equip de forma presencial i un altre en guardia localitzable. La Generalitat va reduir &hellip; <a href=\"https:\/\/www.radiomoradebre.cat\/wp\/2019\/01\/15\/la-ugt-demana-dos-equips-medics-de-guardia-presencial-al-cap-de-flix\/\">Continue reading <span class=\"meta-nav\">&rarr;<\/span><\/a><\/p>\n","protected":false},"author":3,"featured_media":0,"comment_status":"closed","ping_status":"open","sticky":false,"template":"","format":"standard","meta":{"footnotes":""},"categories":[2],"tags":[2453,19478,4594,19468,93,882,709,7903,2248],"class_list":["post-36400","post","type-post","status-publish","format-standard","hentry","category-noticies","tag-cap","tag-cap-de-flix","tag-centre-datencio-primaria","tag-cinta-villo","tag-flix","tag-salut","tag-sanitat","tag-sindicats","tag-ugt"],"_links":{"self":[{"href":"https:\/\/www.radiomoradebre.cat\/wp\/wp-json\/wp\/v2\/posts\/36400","targetHints":{"allow":["GET"]}}],"collection":[{"href":"https:\/\/www.radiomoradebre.cat\/wp\/wp-json\/wp\/v2\/posts"}],"about":[{"href":"https:\/\/www.radiomoradebre.cat\/wp\/wp-json\/wp\/v2\/types\/post"}],"author":[{"embeddable":true,"href":"https:\/\/www.radiomoradebre.cat\/wp\/wp-json\/wp\/v2\/users\/3"}],"replies":[{"embeddable":true,"href":"https:\/\/www.radiomoradebre.cat\/wp\/wp-json\/wp\/v2\/comments?post=36400"}],"version-history":[{"count":1,"href":"https:\/\/www.radiomoradebre.cat\/wp\/wp-json\/wp\/v2\/posts\/36400\/revisions"}],"predecessor-version":[{"id":36403,"href":"https:\/\/www.radiomoradebre.cat\/wp\/wp-json\/wp\/v2\/posts\/36400\/revisions\/36403"}],"wp:attachment":[{"href":"https:\/\/www.radiomoradebre.cat\/wp\/wp-json\/wp\/v2\/media?parent=36400"}],"wp:term":[{"taxonomy":"category","embeddable":true,"href":"https:\/\/www.radiomoradebre.cat\/wp\/wp-json\/wp\/v2\/categories?post=36400"},{"taxonomy":"post_tag","embeddable":true,"href":"https:\/\/www.radiomoradebre.cat\/wp\/wp-json\/wp\/v2\/tags?post=36400"}],"curies":[{"name":"wp","href":"https:\/\/api.w.org\/{rel}","templated":true}]}}