
{"id":36177,"date":"2018-12-24T14:12:58","date_gmt":"2018-12-24T13:12:58","guid":{"rendered":"http:\/\/radiomoradebre.cat\/wp\/?p=36177"},"modified":"2018-12-24T14:12:58","modified_gmt":"2018-12-24T13:12:58","slug":"informatiu-hora-14-24-12-18","status":"publish","type":"post","link":"https:\/\/www.radiomoradebre.cat\/wp\/2018\/12\/24\/informatiu-hora-14-24-12-18\/","title":{"rendered":"Informatiu HORA 14 (24-12-18)"},"content":{"rendered":"<p>HORA 14. L&#8217;informatiu del migdia de R\u00e0dio M\u00f3ra d&#8217;Ebre SER amb Adriana Moncl\u00fas i Andreu Prunera.<\/p>\n<p><a href=\"http:\/\/radiomoradebre.cat\/wp\/wp-content\/uploads\/2018\/12\/HORA_14_24-12-18-1.mp3\">HORA_14_24-12-18<\/a><\/p>\n<p><a href=\"http:\/\/radiomoradebre.cat\/wp\/wp-content\/uploads\/2018\/10\/micro_IMG_2508.jpg\"><img loading=\"lazy\" decoding=\"async\" class=\"aligncenter size-medium wp-image-35134\" src=\"http:\/\/radiomoradebre.cat\/wp\/wp-content\/uploads\/2018\/10\/micro_IMG_2508-300x225.jpg\" alt=\"\" width=\"300\" height=\"225\" srcset=\"https:\/\/www.radiomoradebre.cat\/wp\/wp-content\/uploads\/2018\/10\/micro_IMG_2508-300x225.jpg 300w, https:\/\/www.radiomoradebre.cat\/wp\/wp-content\/uploads\/2018\/10\/micro_IMG_2508-768x576.jpg 768w, https:\/\/www.radiomoradebre.cat\/wp\/wp-content\/uploads\/2018\/10\/micro_IMG_2508-1024x768.jpg 1024w\" sizes=\"auto, (max-width: 300px) 100vw, 300px\" \/><\/a><\/p>\n","protected":false},"excerpt":{"rendered":"<p>HORA 14. L&#8217;informatiu del migdia de R\u00e0dio M\u00f3ra d&#8217;Ebre SER amb Adriana Moncl\u00fas i Andreu Prunera. HORA_14_24-12-18<\/p>\n","protected":false},"author":3,"featured_media":0,"comment_status":"closed","ping_status":"open","sticky":false,"template":"","format":"standard","meta":{"footnotes":""},"categories":[16],"tags":[2663,19211,13359,3698,69,19213,4887,1060,1265,4874,145,19210,3055,2420,9743,19212,57,1703,2225,4357,14135,96,14133],"class_list":["post-36177","post","type-post","status-publish","format-standard","hentry","category-informatius","tag-adriana-monclus","tag-agusti-jorda","tag-ajuntament-ginestar","tag-andreu-prunera","tag-asco","tag-associacio-jubilats-asco","tag-esplai-treu-banya","tag-esports","tag-futbol","tag-futbol-femeni","tag-ginestar","tag-grossa-nadal","tag-hora-14","tag-loteria","tag-loteria-nadal","tag-montse-tomas","tag-mora-debre","tag-muriel-casals","tag-nadal","tag-neus-catala","tag-parc-nadal-mora-debre","tag-ribera-debre","tag-xenia-allende"],"_links":{"self":[{"href":"https:\/\/www.radiomoradebre.cat\/wp\/wp-json\/wp\/v2\/posts\/36177","targetHints":{"allow":["GET"]}}],"collection":[{"href":"https:\/\/www.radiomoradebre.cat\/wp\/wp-json\/wp\/v2\/posts"}],"about":[{"href":"https:\/\/www.radiomoradebre.cat\/wp\/wp-json\/wp\/v2\/types\/post"}],"author":[{"embeddable":true,"href":"https:\/\/www.radiomoradebre.cat\/wp\/wp-json\/wp\/v2\/users\/3"}],"replies":[{"embeddable":true,"href":"https:\/\/www.radiomoradebre.cat\/wp\/wp-json\/wp\/v2\/comments?post=36177"}],"version-history":[{"count":1,"href":"https:\/\/www.radiomoradebre.cat\/wp\/wp-json\/wp\/v2\/posts\/36177\/revisions"}],"predecessor-version":[{"id":36178,"href":"https:\/\/www.radiomoradebre.cat\/wp\/wp-json\/wp\/v2\/posts\/36177\/revisions\/36178"}],"wp:attachment":[{"href":"https:\/\/www.radiomoradebre.cat\/wp\/wp-json\/wp\/v2\/media?parent=36177"}],"wp:term":[{"taxonomy":"category","embeddable":true,"href":"https:\/\/www.radiomoradebre.cat\/wp\/wp-json\/wp\/v2\/categories?post=36177"},{"taxonomy":"post_tag","embeddable":true,"href":"https:\/\/www.radiomoradebre.cat\/wp\/wp-json\/wp\/v2\/tags?post=36177"}],"curies":[{"name":"wp","href":"https:\/\/api.w.org\/{rel}","templated":true}]}}