
{"id":35919,"date":"2018-12-10T14:27:28","date_gmt":"2018-12-10T13:27:28","guid":{"rendered":"http:\/\/radiomoradebre.cat\/wp\/?p=35919"},"modified":"2018-12-10T14:27:28","modified_gmt":"2018-12-10T13:27:28","slug":"entrevista-anna-i-marife-campanya-joguines-creu-roja-10-12-18","status":"publish","type":"post","link":"https:\/\/www.radiomoradebre.cat\/wp\/2018\/12\/10\/entrevista-anna-i-marife-campanya-joguines-creu-roja-10-12-18\/","title":{"rendered":"Entrevista Anna i Marif\u00e9 &#8211; Campanya joguines Creu Roja (10-12-18)"},"content":{"rendered":"<p>HORA M\u00d3RA D&#8217;EBRE. S&#8217;apropa el Nadal i Creu Roja posa en marxa una nova edici\u00f3 de la campanya de recollida de joguines per tal de que cap nen es quedi sense joguina aquestes festes. En parlem amb Anna Vandell\u00f2s i Marif\u00e9 Altadill de Creu Roja M\u00f3ra d&#8217;Ebre.<\/p>\n<p><a href=\"http:\/\/radiomoradebre.cat\/wp\/wp-content\/uploads\/2018\/12\/ENTREVISTA-ANNA-I-MARIFE-10-12-18-CAMPANYA-JOGUINES.mp3\">ENTREVISTA ANNA I MARIFE 10-12-18 CAMPANYA JOGUINES<\/a><\/p>\n<p><a href=\"http:\/\/radiomoradebre.cat\/wp\/wp-content\/uploads\/2018\/12\/IMG_9202.jpg\"><img loading=\"lazy\" decoding=\"async\" class=\"aligncenter size-medium wp-image-35920\" src=\"http:\/\/radiomoradebre.cat\/wp\/wp-content\/uploads\/2018\/12\/IMG_9202-300x225.jpg\" alt=\"\" width=\"300\" height=\"225\" srcset=\"https:\/\/www.radiomoradebre.cat\/wp\/wp-content\/uploads\/2018\/12\/IMG_9202-300x225.jpg 300w, https:\/\/www.radiomoradebre.cat\/wp\/wp-content\/uploads\/2018\/12\/IMG_9202-768x575.jpg 768w, https:\/\/www.radiomoradebre.cat\/wp\/wp-content\/uploads\/2018\/12\/IMG_9202-1024x767.jpg 1024w\" sizes=\"auto, (max-width: 300px) 100vw, 300px\" \/><\/a><\/p>\n","protected":false},"excerpt":{"rendered":"<p>HORA M\u00d3RA D&#8217;EBRE. S&#8217;apropa el Nadal i Creu Roja posa en marxa una nova edici\u00f3 de la campanya de recollida de joguines per tal de que cap nen es quedi sense joguina aquestes festes. En parlem amb Anna Vandell\u00f2s i &hellip; <a href=\"https:\/\/www.radiomoradebre.cat\/wp\/2018\/12\/10\/entrevista-anna-i-marife-campanya-joguines-creu-roja-10-12-18\/\">Continue reading <span class=\"meta-nav\">&rarr;<\/span><\/a><\/p>\n","protected":false},"author":3,"featured_media":0,"comment_status":"closed","ping_status":"open","sticky":false,"template":"","format":"standard","meta":{"footnotes":""},"categories":[12],"tags":[6070,69,13982,2443,6732,9423,6069,9687,9485,1490,2444,6074,4954,4268,57,83,2225,2431,1045,6159,218,26,9689],"class_list":["post-35919","post","type-post","status-publish","format-standard","hentry","category-horamoradebre","tag-anna-vandellos","tag-asco","tag-campanya-joguines","tag-creu-roja","tag-creu-roja-joventut","tag-creu-roja-mora-debre","tag-creu-roja-mora-debre-gandesa-asco","tag-els-seus-drets-en-joc","tag-fira-nadal-mora-debre","tag-infants","tag-joguina","tag-joguina-educativa","tag-joguines","tag-marife-altadill","tag-mora-debre","tag-mora-la-nova","tag-nadal","tag-nenes","tag-nens","tag-reis-mags","tag-serveis-socials","tag-terra-alta","tag-voluntaris-creu-roja"],"_links":{"self":[{"href":"https:\/\/www.radiomoradebre.cat\/wp\/wp-json\/wp\/v2\/posts\/35919","targetHints":{"allow":["GET"]}}],"collection":[{"href":"https:\/\/www.radiomoradebre.cat\/wp\/wp-json\/wp\/v2\/posts"}],"about":[{"href":"https:\/\/www.radiomoradebre.cat\/wp\/wp-json\/wp\/v2\/types\/post"}],"author":[{"embeddable":true,"href":"https:\/\/www.radiomoradebre.cat\/wp\/wp-json\/wp\/v2\/users\/3"}],"replies":[{"embeddable":true,"href":"https:\/\/www.radiomoradebre.cat\/wp\/wp-json\/wp\/v2\/comments?post=35919"}],"version-history":[{"count":1,"href":"https:\/\/www.radiomoradebre.cat\/wp\/wp-json\/wp\/v2\/posts\/35919\/revisions"}],"predecessor-version":[{"id":35931,"href":"https:\/\/www.radiomoradebre.cat\/wp\/wp-json\/wp\/v2\/posts\/35919\/revisions\/35931"}],"wp:attachment":[{"href":"https:\/\/www.radiomoradebre.cat\/wp\/wp-json\/wp\/v2\/media?parent=35919"}],"wp:term":[{"taxonomy":"category","embeddable":true,"href":"https:\/\/www.radiomoradebre.cat\/wp\/wp-json\/wp\/v2\/categories?post=35919"},{"taxonomy":"post_tag","embeddable":true,"href":"https:\/\/www.radiomoradebre.cat\/wp\/wp-json\/wp\/v2\/tags?post=35919"}],"curies":[{"name":"wp","href":"https:\/\/api.w.org\/{rel}","templated":true}]}}