
{"id":35732,"date":"2018-11-27T13:49:19","date_gmt":"2018-11-27T12:49:19","guid":{"rendered":"http:\/\/radiomoradebre.cat\/wp\/?p=35732"},"modified":"2018-11-27T13:49:19","modified_gmt":"2018-11-27T12:49:19","slug":"segona-jornada-de-vaga-dels-mestres-de-la-primaria","status":"publish","type":"post","link":"https:\/\/www.radiomoradebre.cat\/wp\/2018\/11\/27\/segona-jornada-de-vaga-dels-mestres-de-la-primaria\/","title":{"rendered":"Segona jornada de vaga dels mestres de la prim\u00e0ria"},"content":{"rendered":"<p class=\"m_3405240022473186328MsoPlainText\"><em><b>Segona jornada de vaga a l\u2019atenci\u00f3 prim\u00e0ria, despr\u00e9s que la negociaci\u00f3 s\u2019acab\u00e9s ahir sense un acord definitiu.<u><\/u><u><\/u><\/b><\/em><\/p>\n<p class=\"m_3405240022473186328MsoPlainText\"><em><strong>Pel que fa al seguiment de la vaga ahir dilluns, de nou ball de xifres entre els sindicats i l\u2019administraci\u00f3. Metges de Catalunya assegura que van seguir la vaga un 66% dels Metges de la provincia de Tarragona per\u00f2 el departament de salut rebaixa la xifra i diu que a les Terres de l\u2019Ebre nom\u00e9s el 32% dels facultatius van acollir-se a la vaga. Un ball de xifres que en ocasions s\u2019explica segons si es compten o no els serveis m\u00ednims.<\/strong><\/em><\/p>\n<p>R\u00c0DIO EBRE &#8211; CADENA SER<\/p>\n<p><a href=\"http:\/\/radiomoradebre.cat\/wp\/wp-content\/uploads\/2018\/11\/CRO-27-11-18-vaga-metges.mp3\">CRO 27-11-18 vaga metges<\/a><\/p>\n<p><a href=\"http:\/\/radiomoradebre.cat\/wp\/wp-content\/uploads\/2018\/11\/images-1.jpg\"><img loading=\"lazy\" decoding=\"async\" class=\"aligncenter size-medium wp-image-35734\" src=\"http:\/\/radiomoradebre.cat\/wp\/wp-content\/uploads\/2018\/11\/images-1-300x168.jpg\" alt=\"\" width=\"300\" height=\"168\" \/><\/a><\/p>\n","protected":false},"excerpt":{"rendered":"<p>Segona jornada de vaga a l\u2019atenci\u00f3 prim\u00e0ria, despr\u00e9s que la negociaci\u00f3 s\u2019acab\u00e9s ahir sense un acord definitiu. Pel que fa al seguiment de la vaga ahir dilluns, de nou ball de xifres entre els sindicats i l\u2019administraci\u00f3. Metges de Catalunya &hellip; <a href=\"https:\/\/www.radiomoradebre.cat\/wp\/2018\/11\/27\/segona-jornada-de-vaga-dels-mestres-de-la-primaria\/\">Continue reading <span class=\"meta-nav\">&rarr;<\/span><\/a><\/p>\n","protected":false},"author":3,"featured_media":0,"comment_status":"closed","ping_status":"open","sticky":false,"template":"","format":"standard","meta":{"footnotes":""},"categories":[2],"tags":[2453,4594,18860,4893,882,709,806],"class_list":["post-35732","post","type-post","status-publish","format-standard","hentry","category-noticies","tag-cap","tag-centre-datencio-primaria","tag-maira-ferre","tag-marc-martinez","tag-salut","tag-sanitat","tag-vaga"],"_links":{"self":[{"href":"https:\/\/www.radiomoradebre.cat\/wp\/wp-json\/wp\/v2\/posts\/35732","targetHints":{"allow":["GET"]}}],"collection":[{"href":"https:\/\/www.radiomoradebre.cat\/wp\/wp-json\/wp\/v2\/posts"}],"about":[{"href":"https:\/\/www.radiomoradebre.cat\/wp\/wp-json\/wp\/v2\/types\/post"}],"author":[{"embeddable":true,"href":"https:\/\/www.radiomoradebre.cat\/wp\/wp-json\/wp\/v2\/users\/3"}],"replies":[{"embeddable":true,"href":"https:\/\/www.radiomoradebre.cat\/wp\/wp-json\/wp\/v2\/comments?post=35732"}],"version-history":[{"count":1,"href":"https:\/\/www.radiomoradebre.cat\/wp\/wp-json\/wp\/v2\/posts\/35732\/revisions"}],"predecessor-version":[{"id":35735,"href":"https:\/\/www.radiomoradebre.cat\/wp\/wp-json\/wp\/v2\/posts\/35732\/revisions\/35735"}],"wp:attachment":[{"href":"https:\/\/www.radiomoradebre.cat\/wp\/wp-json\/wp\/v2\/media?parent=35732"}],"wp:term":[{"taxonomy":"category","embeddable":true,"href":"https:\/\/www.radiomoradebre.cat\/wp\/wp-json\/wp\/v2\/categories?post=35732"},{"taxonomy":"post_tag","embeddable":true,"href":"https:\/\/www.radiomoradebre.cat\/wp\/wp-json\/wp\/v2\/tags?post=35732"}],"curies":[{"name":"wp","href":"https:\/\/api.w.org\/{rel}","templated":true}]}}