
{"id":35716,"date":"2018-11-27T13:10:59","date_gmt":"2018-11-27T12:10:59","guid":{"rendered":"http:\/\/radiomoradebre.cat\/wp\/?p=35716"},"modified":"2018-11-27T13:10:59","modified_gmt":"2018-11-27T12:10:59","slug":"jordi-herandez-campio-despanya-de-powerlifting","status":"publish","type":"post","link":"https:\/\/www.radiomoradebre.cat\/wp\/2018\/11\/27\/jordi-herandez-campio-despanya-de-powerlifting\/","title":{"rendered":"Jordi Her\u00e1ndez, campi\u00f3 d&#8217;Espanya de powerlifting"},"content":{"rendered":"<p><em><strong>El moranovenc Jordi Hern\u00e1ndez ha aconseguit quatre medalles als campionats d\u2019Espanya de powerlifting i a la Copa Catalunya de pes mort i press banca del passat cap de setmana.<\/strong><\/em><\/p>\n<p><em><strong>Hern\u00e1ndez s\u2019ha proclamat campi\u00f3 d\u2019Espanya s\u00e9nior de powerlifting per a pesos menors de 110 quilos, i subcampi\u00f3 en la categoria absoluta.<\/strong><\/em><\/p>\n<p><em><strong>Ha estat sub campi\u00f3 en aixecament de pes mort a la Copa Catalunya i tercer millor aixecador de for\u00e7a en cateogoria s\u00e9nior.<\/strong><\/em><\/p>\n<p><em><strong>Tamb\u00e9 ha estat subcampi\u00f3 de Catalunya en press banca.<\/strong><\/em><\/p>\n<p><a href=\"http:\/\/radiomoradebre.cat\/wp\/wp-content\/uploads\/2018\/11\/CRO-27-11-18-jordi-hernandez.mp3\">CRO 27-11-18 jordi hernandez<\/a><\/p>\n<p><a href=\"http:\/\/radiomoradebre.cat\/wp\/wp-content\/uploads\/2018\/11\/46397193_355678745199501_6401112147852293316_n.jpg\"><img loading=\"lazy\" decoding=\"async\" class=\"aligncenter size-medium wp-image-35718\" src=\"http:\/\/radiomoradebre.cat\/wp\/wp-content\/uploads\/2018\/11\/46397193_355678745199501_6401112147852293316_n-240x300.jpg\" alt=\"\" width=\"240\" height=\"300\" srcset=\"https:\/\/www.radiomoradebre.cat\/wp\/wp-content\/uploads\/2018\/11\/46397193_355678745199501_6401112147852293316_n-240x300.jpg 240w, https:\/\/www.radiomoradebre.cat\/wp\/wp-content\/uploads\/2018\/11\/46397193_355678745199501_6401112147852293316_n-768x960.jpg 768w, https:\/\/www.radiomoradebre.cat\/wp\/wp-content\/uploads\/2018\/11\/46397193_355678745199501_6401112147852293316_n-820x1024.jpg 820w, https:\/\/www.radiomoradebre.cat\/wp\/wp-content\/uploads\/2018\/11\/46397193_355678745199501_6401112147852293316_n.jpg 898w\" sizes=\"auto, (max-width: 240px) 100vw, 240px\" \/><\/a><\/p>\n","protected":false},"excerpt":{"rendered":"<p>El moranovenc Jordi Hern\u00e1ndez ha aconseguit quatre medalles als campionats d\u2019Espanya de powerlifting i a la Copa Catalunya de pes mort i press banca del passat cap de setmana. Hern\u00e1ndez s\u2019ha proclamat campi\u00f3 d\u2019Espanya s\u00e9nior de powerlifting per a pesos &hellip; <a href=\"https:\/\/www.radiomoradebre.cat\/wp\/2018\/11\/27\/jordi-herandez-campio-despanya-de-powerlifting\/\">Continue reading <span class=\"meta-nav\">&rarr;<\/span><\/a><\/p>\n","protected":false},"author":3,"featured_media":0,"comment_status":"closed","ping_status":"open","sticky":false,"template":"","format":"standard","meta":{"footnotes":""},"categories":[2],"tags":[10288,1646,1368,2722,8813,83,435,436],"class_list":["post-35716","post","type-post","status-publish","format-standard","hentry","category-noticies","tag-campionat-despanya","tag-copa-catalunya","tag-esport","tag-forca","tag-jordi-hernandez","tag-mora-la-nova","tag-powerlifting","tag-press-banca"],"_links":{"self":[{"href":"https:\/\/www.radiomoradebre.cat\/wp\/wp-json\/wp\/v2\/posts\/35716","targetHints":{"allow":["GET"]}}],"collection":[{"href":"https:\/\/www.radiomoradebre.cat\/wp\/wp-json\/wp\/v2\/posts"}],"about":[{"href":"https:\/\/www.radiomoradebre.cat\/wp\/wp-json\/wp\/v2\/types\/post"}],"author":[{"embeddable":true,"href":"https:\/\/www.radiomoradebre.cat\/wp\/wp-json\/wp\/v2\/users\/3"}],"replies":[{"embeddable":true,"href":"https:\/\/www.radiomoradebre.cat\/wp\/wp-json\/wp\/v2\/comments?post=35716"}],"version-history":[{"count":1,"href":"https:\/\/www.radiomoradebre.cat\/wp\/wp-json\/wp\/v2\/posts\/35716\/revisions"}],"predecessor-version":[{"id":35719,"href":"https:\/\/www.radiomoradebre.cat\/wp\/wp-json\/wp\/v2\/posts\/35716\/revisions\/35719"}],"wp:attachment":[{"href":"https:\/\/www.radiomoradebre.cat\/wp\/wp-json\/wp\/v2\/media?parent=35716"}],"wp:term":[{"taxonomy":"category","embeddable":true,"href":"https:\/\/www.radiomoradebre.cat\/wp\/wp-json\/wp\/v2\/categories?post=35716"},{"taxonomy":"post_tag","embeddable":true,"href":"https:\/\/www.radiomoradebre.cat\/wp\/wp-json\/wp\/v2\/tags?post=35716"}],"curies":[{"name":"wp","href":"https:\/\/api.w.org\/{rel}","templated":true}]}}