
{"id":35483,"date":"2018-11-15T14:21:28","date_gmt":"2018-11-15T13:21:28","guid":{"rendered":"http:\/\/radiomoradebre.cat\/wp\/?p=35483"},"modified":"2018-11-15T14:21:28","modified_gmt":"2018-11-15T13:21:28","slug":"entrevista-francesc-i-rebeca-us-racional-antibiotics-15-11-18","status":"publish","type":"post","link":"https:\/\/www.radiomoradebre.cat\/wp\/2018\/11\/15\/entrevista-francesc-i-rebeca-us-racional-antibiotics-15-11-18\/","title":{"rendered":"Entrevista Francesc i Rebeca &#8211; \u00fas racional antibi\u00f2tics (15-11-18)"},"content":{"rendered":"<p>HORA M\u00d3RA D&#8217;EBRE. Aprofitant que el proper 18 de novembre \u00e9s el dia europeu de l&#8217;\u00fas prudent dels antibi\u00f2tics hem convidat a la r\u00e0dio al Francesc P\u00e0ez i la Rebeca Recha, del servei de Farm\u00e0cia i el Programa d&#8217;Optimitzaci\u00f3 d&#8217;Antibi\u00f2tics de l&#8217;Hospital Comarcal de M\u00f3ra d&#8217;Ebre, que ens han explicat de la import\u00e0ncia d&#8217;utilitzar correctament els antibi\u00f2tics i de l&#8217;augment de les resist\u00e8ncies bacterianes.<\/p>\n<p><a href=\"http:\/\/radiomoradebre.cat\/wp\/wp-content\/uploads\/2018\/11\/ENTREVISTA-FRANCESC-I-REBECA-15-11-18-US-RACIONAL-ANTIBIOTICS.mp3\">ENTREVISTA FRANCESC I REBECA 15-11-18 US RACIONAL ANTIBIOTICS<\/a><\/p>\n<p><a href=\"http:\/\/radiomoradebre.cat\/wp\/wp-content\/uploads\/2018\/11\/IMG_8558.jpg\"><img loading=\"lazy\" decoding=\"async\" class=\"aligncenter size-medium wp-image-35485\" src=\"http:\/\/radiomoradebre.cat\/wp\/wp-content\/uploads\/2018\/11\/IMG_8558-300x225.jpg\" alt=\"\" width=\"300\" height=\"225\" srcset=\"https:\/\/www.radiomoradebre.cat\/wp\/wp-content\/uploads\/2018\/11\/IMG_8558-300x225.jpg 300w, https:\/\/www.radiomoradebre.cat\/wp\/wp-content\/uploads\/2018\/11\/IMG_8558-768x576.jpg 768w, https:\/\/www.radiomoradebre.cat\/wp\/wp-content\/uploads\/2018\/11\/IMG_8558-1024x768.jpg 1024w\" sizes=\"auto, (max-width: 300px) 100vw, 300px\" \/><\/a><\/p>\n","protected":false},"excerpt":{"rendered":"<p>HORA M\u00d3RA D&#8217;EBRE. Aprofitant que el proper 18 de novembre \u00e9s el dia europeu de l&#8217;\u00fas prudent dels antibi\u00f2tics hem convidat a la r\u00e0dio al Francesc P\u00e0ez i la Rebeca Recha, del servei de Farm\u00e0cia i el Programa d&#8217;Optimitzaci\u00f3 d&#8217;Antibi\u00f2tics &hellip; <a href=\"https:\/\/www.radiomoradebre.cat\/wp\/2018\/11\/15\/entrevista-francesc-i-rebeca-us-racional-antibiotics-15-11-18\/\">Continue reading <span class=\"meta-nav\">&rarr;<\/span><\/a><\/p>\n","protected":false},"author":3,"featured_media":0,"comment_status":"closed","ping_status":"open","sticky":false,"template":"","format":"standard","meta":{"footnotes":""},"categories":[12],"tags":[18697,18698,18711,18707,18701,18705,2196,18706,18702,34,883,11686,18713,2776,18712,18710,18708,18709,18703,882,18704,18700,18699],"class_list":["post-35483","post","type-post","status-publish","format-standard","hentry","category-horamoradebre","tag-antibiotic","tag-antibiotics","tag-automedicacio","tag-bacteria","tag-consum-antibiotics","tag-farmaceutica","tag-farmacia","tag-farmacs","tag-francesc-paez","tag-hospital-comarcal-de-mora-debre","tag-hospital-mora-debre","tag-infeccio","tag-infeccions-tracte-urinari","tag-malalties","tag-prescripcio-antibiotics","tag-prevencio-i-contral-malalties","tag-proa","tag-programa-doptimitzacio-dantibiotics","tag-rebeca-recha","tag-salut","tag-servei-farmacia-hospital-comarcal-de-mora-debre","tag-us-prudent-antibiotics","tag-us-racional-antibiotics"],"_links":{"self":[{"href":"https:\/\/www.radiomoradebre.cat\/wp\/wp-json\/wp\/v2\/posts\/35483","targetHints":{"allow":["GET"]}}],"collection":[{"href":"https:\/\/www.radiomoradebre.cat\/wp\/wp-json\/wp\/v2\/posts"}],"about":[{"href":"https:\/\/www.radiomoradebre.cat\/wp\/wp-json\/wp\/v2\/types\/post"}],"author":[{"embeddable":true,"href":"https:\/\/www.radiomoradebre.cat\/wp\/wp-json\/wp\/v2\/users\/3"}],"replies":[{"embeddable":true,"href":"https:\/\/www.radiomoradebre.cat\/wp\/wp-json\/wp\/v2\/comments?post=35483"}],"version-history":[{"count":1,"href":"https:\/\/www.radiomoradebre.cat\/wp\/wp-json\/wp\/v2\/posts\/35483\/revisions"}],"predecessor-version":[{"id":35489,"href":"https:\/\/www.radiomoradebre.cat\/wp\/wp-json\/wp\/v2\/posts\/35483\/revisions\/35489"}],"wp:attachment":[{"href":"https:\/\/www.radiomoradebre.cat\/wp\/wp-json\/wp\/v2\/media?parent=35483"}],"wp:term":[{"taxonomy":"category","embeddable":true,"href":"https:\/\/www.radiomoradebre.cat\/wp\/wp-json\/wp\/v2\/categories?post=35483"},{"taxonomy":"post_tag","embeddable":true,"href":"https:\/\/www.radiomoradebre.cat\/wp\/wp-json\/wp\/v2\/tags?post=35483"}],"curies":[{"name":"wp","href":"https:\/\/api.w.org\/{rel}","templated":true}]}}