
{"id":35289,"date":"2018-11-06T12:51:52","date_gmt":"2018-11-06T11:51:52","guid":{"rendered":"http:\/\/radiomoradebre.cat\/wp\/?p=35289"},"modified":"2018-11-06T12:51:52","modified_gmt":"2018-11-06T11:51:52","slug":"un-llibre-sota-el-brac-cors-trencats-6-11-18","status":"publish","type":"post","link":"https:\/\/www.radiomoradebre.cat\/wp\/2018\/11\/06\/un-llibre-sota-el-brac-cors-trencats-6-11-18\/","title":{"rendered":"Un llibre sota el bra\u00e7 &#8211; cors trencats (6-11-18)"},"content":{"rendered":"<p>UN LLIBRE SOTA EL BRA\u00c7. Al programa d&#8217;aquest mes de novembre amb l&#8217;escriptor Miquel Esteve hem parlat de cors trencats i els trencaments emocionals de parella a trav\u00e9s de la novel\u00b7la &#8220;Lo que sucedi\u00f3 cuando me rompiste el coraz\u00f3n&#8221; de Rocio Carmona i acompanyats de la psic\u00f2loga Rosa Barcel\u00f3.<\/p>\n<p><a href=\"http:\/\/radiomoradebre.cat\/wp\/wp-content\/uploads\/2018\/11\/UN-LLIBRE-SOTA-EL-BRA\u00c7-6-11-18-TRENCAMENT-EMOCIONAL.mp3\">UN LLIBRE SOTA EL BRA\u00c7 6-11-18 TRENCAMENT EMOCIONAL<\/a><\/p>\n<p><a href=\"http:\/\/radiomoradebre.cat\/wp\/wp-content\/uploads\/2018\/11\/ROCIO-CARMONA.jpg\"><img loading=\"lazy\" decoding=\"async\" class=\"aligncenter size-medium wp-image-35290\" src=\"http:\/\/radiomoradebre.cat\/wp\/wp-content\/uploads\/2018\/11\/ROCIO-CARMONA-300x177.jpg\" alt=\"\" width=\"300\" height=\"177\" srcset=\"https:\/\/www.radiomoradebre.cat\/wp\/wp-content\/uploads\/2018\/11\/ROCIO-CARMONA-300x177.jpg 300w, https:\/\/www.radiomoradebre.cat\/wp\/wp-content\/uploads\/2018\/11\/ROCIO-CARMONA-768x452.jpg 768w, https:\/\/www.radiomoradebre.cat\/wp\/wp-content\/uploads\/2018\/11\/ROCIO-CARMONA-1024x603.jpg 1024w\" sizes=\"auto, (max-width: 300px) 100vw, 300px\" \/><\/a><\/p>\n<p><a href=\"http:\/\/radiomoradebre.cat\/wp\/wp-content\/uploads\/2018\/11\/IMG_8427-e1541498380351.jpg\"><img loading=\"lazy\" decoding=\"async\" class=\"aligncenter size-medium wp-image-35291\" src=\"http:\/\/radiomoradebre.cat\/wp\/wp-content\/uploads\/2018\/11\/IMG_8427-e1541498380351-300x225.jpg\" alt=\"\" width=\"300\" height=\"225\" srcset=\"https:\/\/www.radiomoradebre.cat\/wp\/wp-content\/uploads\/2018\/11\/IMG_8427-e1541498380351-300x225.jpg 300w, https:\/\/www.radiomoradebre.cat\/wp\/wp-content\/uploads\/2018\/11\/IMG_8427-e1541498380351-768x576.jpg 768w, https:\/\/www.radiomoradebre.cat\/wp\/wp-content\/uploads\/2018\/11\/IMG_8427-e1541498380351-1024x768.jpg 1024w\" sizes=\"auto, (max-width: 300px) 100vw, 300px\" \/><\/a><\/p>\n<p><a href=\"http:\/\/radiomoradebre.cat\/wp\/wp-content\/uploads\/2017\/02\/IMG_3496.jpg\"><img loading=\"lazy\" decoding=\"async\" class=\"aligncenter size-medium wp-image-26078\" src=\"http:\/\/radiomoradebre.cat\/wp\/wp-content\/uploads\/2017\/02\/IMG_3496-300x225.jpg\" alt=\"\" width=\"300\" height=\"225\" srcset=\"https:\/\/www.radiomoradebre.cat\/wp\/wp-content\/uploads\/2017\/02\/IMG_3496-300x225.jpg 300w, https:\/\/www.radiomoradebre.cat\/wp\/wp-content\/uploads\/2017\/02\/IMG_3496-768x576.jpg 768w, https:\/\/www.radiomoradebre.cat\/wp\/wp-content\/uploads\/2017\/02\/IMG_3496-1024x768.jpg 1024w\" sizes=\"auto, (max-width: 300px) 100vw, 300px\" \/><\/a><\/p>\n","protected":false},"excerpt":{"rendered":"<p>UN LLIBRE SOTA EL BRA\u00c7. Al programa d&#8217;aquest mes de novembre amb l&#8217;escriptor Miquel Esteve hem parlat de cors trencats i els trencaments emocionals de parella a trav\u00e9s de la novel\u00b7la &#8220;Lo que sucedi\u00f3 cuando me rompiste el coraz\u00f3n&#8221; de &hellip; <a href=\"https:\/\/www.radiomoradebre.cat\/wp\/2018\/11\/06\/un-llibre-sota-el-brac-cors-trencats-6-11-18\/\">Continue reading <span class=\"meta-nav\">&rarr;<\/span><\/a><\/p>\n","protected":false},"author":3,"featured_media":0,"comment_status":"closed","ping_status":"open","sticky":false,"template":"","format":"standard","meta":{"footnotes":""},"categories":[12],"tags":[18459,18450,18461,18451,6698,18458,18456,18457,821,1181,6377,18454,18460,2223,2667,3787,18452,18455,2665,18453,18449,18448,3840],"class_list":["post-35289","post","type-post","status-publish","format-standard","hentry","category-horamoradebre","tag-a-little-secret","tag-cor-trencat","tag-corazon-partio","tag-cors-trencats","tag-emocions","tag-invisible-girl","tag-javier-carmona","tag-jordi-lligades","tag-literatura","tag-llibre","tag-llibre-sota-el-brac","tag-lo-que-sucedio-cuando-me-rompiste-el-corazon","tag-mia","tag-miquel-esteve","tag-parella","tag-psicologia","tag-relacio-sentimental","tag-rocio-carmona","tag-rosa-barcelo","tag-sentiments","tag-trencament-de-parella","tag-trencament-emocional","tag-un-llibre-sota-el-brac"],"_links":{"self":[{"href":"https:\/\/www.radiomoradebre.cat\/wp\/wp-json\/wp\/v2\/posts\/35289","targetHints":{"allow":["GET"]}}],"collection":[{"href":"https:\/\/www.radiomoradebre.cat\/wp\/wp-json\/wp\/v2\/posts"}],"about":[{"href":"https:\/\/www.radiomoradebre.cat\/wp\/wp-json\/wp\/v2\/types\/post"}],"author":[{"embeddable":true,"href":"https:\/\/www.radiomoradebre.cat\/wp\/wp-json\/wp\/v2\/users\/3"}],"replies":[{"embeddable":true,"href":"https:\/\/www.radiomoradebre.cat\/wp\/wp-json\/wp\/v2\/comments?post=35289"}],"version-history":[{"count":1,"href":"https:\/\/www.radiomoradebre.cat\/wp\/wp-json\/wp\/v2\/posts\/35289\/revisions"}],"predecessor-version":[{"id":35292,"href":"https:\/\/www.radiomoradebre.cat\/wp\/wp-json\/wp\/v2\/posts\/35289\/revisions\/35292"}],"wp:attachment":[{"href":"https:\/\/www.radiomoradebre.cat\/wp\/wp-json\/wp\/v2\/media?parent=35289"}],"wp:term":[{"taxonomy":"category","embeddable":true,"href":"https:\/\/www.radiomoradebre.cat\/wp\/wp-json\/wp\/v2\/categories?post=35289"},{"taxonomy":"post_tag","embeddable":true,"href":"https:\/\/www.radiomoradebre.cat\/wp\/wp-json\/wp\/v2\/tags?post=35289"}],"curies":[{"name":"wp","href":"https:\/\/api.w.org\/{rel}","templated":true}]}}