
{"id":35262,"date":"2018-11-05T14:05:26","date_gmt":"2018-11-05T13:05:26","guid":{"rendered":"http:\/\/radiomoradebre.cat\/wp\/?p=35262"},"modified":"2018-11-05T14:05:26","modified_gmt":"2018-11-05T13:05:26","slug":"ragna-debats-i-pere-aurell-simposen-a-la-cursa-cami-de-sirga","status":"publish","type":"post","link":"https:\/\/www.radiomoradebre.cat\/wp\/2018\/11\/05\/ragna-debats-i-pere-aurell-simposen-a-la-cursa-cami-de-sirga\/","title":{"rendered":"Ragna Debats i Pere Aurell s&#8217;imposen a la cursa Cam\u00ed de Sirga"},"content":{"rendered":"<p><em><strong>Ragna Debats i Pere Aurell es proclamen guanyadors de la novena edici\u00f3 de la Cursa Cam\u00ed de Sirga que va organitzar ahir diumenge l\u2019Associaci\u00f3 Picossa Trail a M\u00f3ra d\u2019Ebre. <\/strong><\/em><\/p>\n<p><em><strong>M\u00e9s de 180 corredors i corredores d\u2019arreu del territori van participar ahir diumenge en la Cursa Cam\u00ed de Sirga de M\u00f3ra d\u2019Ebre, a la recta final de la temporada del Circuit de Curses de Muntanya de les Terres de l\u2019Ebre. Una cursa que va tenir dos clars vencedors en la categoria absoluta, Pere Aurell i Ragna Debats, que van recorrer els 20 km de la prova amb un temps de 2 hores 5 minuts i 38 segons i 2 hores 17 minuts i 32 segons respectivament.<\/strong><\/em><\/p>\n<p><em><strong>La temporada finalitza el proper 17 de novembre a Horta de Sant Joan, als Ports, amb la Cursa de les Roques que organitza l\u2019Associaci\u00f3 Esportiva Cara Nord.<\/strong><\/em><\/p>\n<p>ADRIANA MONCL\u00daS<\/p>\n<p><a href=\"http:\/\/radiomoradebre.cat\/wp\/wp-content\/uploads\/2018\/11\/CRO-5-11-18-CURSA-CAMI-SIRGA-1.mp3\">CRO 5-11-18 CURSA CAMI SIRGA<\/a><\/p>\n<p><a href=\"http:\/\/radiomoradebre.cat\/wp\/wp-content\/uploads\/2018\/11\/camidesirga.jpg\"><img loading=\"lazy\" decoding=\"async\" class=\"aligncenter size-medium wp-image-35266\" src=\"http:\/\/radiomoradebre.cat\/wp\/wp-content\/uploads\/2018\/11\/camidesirga-300x122.jpg\" alt=\"\" width=\"300\" height=\"122\" srcset=\"https:\/\/www.radiomoradebre.cat\/wp\/wp-content\/uploads\/2018\/11\/camidesirga-300x122.jpg 300w, https:\/\/www.radiomoradebre.cat\/wp\/wp-content\/uploads\/2018\/11\/camidesirga-768x312.jpg 768w, https:\/\/www.radiomoradebre.cat\/wp\/wp-content\/uploads\/2018\/11\/camidesirga-1024x416.jpg 1024w, https:\/\/www.radiomoradebre.cat\/wp\/wp-content\/uploads\/2018\/11\/camidesirga.jpg 1920w\" sizes=\"auto, (max-width: 300px) 100vw, 300px\" \/><\/a><\/p>\n","protected":false},"excerpt":{"rendered":"<p>Ragna Debats i Pere Aurell es proclamen guanyadors de la novena edici\u00f3 de la Cursa Cam\u00ed de Sirga que va organitzar ahir diumenge l\u2019Associaci\u00f3 Picossa Trail a M\u00f3ra d\u2019Ebre. M\u00e9s de 180 corredors i corredores d\u2019arreu del territori van participar &hellip; <a href=\"https:\/\/www.radiomoradebre.cat\/wp\/2018\/11\/05\/ragna-debats-i-pere-aurell-simposen-a-la-cursa-cami-de-sirga\/\">Continue reading <span class=\"meta-nav\">&rarr;<\/span><\/a><\/p>\n","protected":false},"author":3,"featured_media":0,"comment_status":"closed","ping_status":"open","sticky":false,"template":"","format":"standard","meta":{"footnotes":""},"categories":[2],"tags":[3182,1245,1368,1060,3282,57,5794,18421,5795],"class_list":["post-35262","post","type-post","status-publish","format-standard","hentry","category-noticies","tag-cami-de-sirga","tag-cursa","tag-esport","tag-esports","tag-la-picossa","tag-mora-debre","tag-pere-aurell","tag-picossa-trail","tag-ragna-debats"],"_links":{"self":[{"href":"https:\/\/www.radiomoradebre.cat\/wp\/wp-json\/wp\/v2\/posts\/35262","targetHints":{"allow":["GET"]}}],"collection":[{"href":"https:\/\/www.radiomoradebre.cat\/wp\/wp-json\/wp\/v2\/posts"}],"about":[{"href":"https:\/\/www.radiomoradebre.cat\/wp\/wp-json\/wp\/v2\/types\/post"}],"author":[{"embeddable":true,"href":"https:\/\/www.radiomoradebre.cat\/wp\/wp-json\/wp\/v2\/users\/3"}],"replies":[{"embeddable":true,"href":"https:\/\/www.radiomoradebre.cat\/wp\/wp-json\/wp\/v2\/comments?post=35262"}],"version-history":[{"count":1,"href":"https:\/\/www.radiomoradebre.cat\/wp\/wp-json\/wp\/v2\/posts\/35262\/revisions"}],"predecessor-version":[{"id":35267,"href":"https:\/\/www.radiomoradebre.cat\/wp\/wp-json\/wp\/v2\/posts\/35262\/revisions\/35267"}],"wp:attachment":[{"href":"https:\/\/www.radiomoradebre.cat\/wp\/wp-json\/wp\/v2\/media?parent=35262"}],"wp:term":[{"taxonomy":"category","embeddable":true,"href":"https:\/\/www.radiomoradebre.cat\/wp\/wp-json\/wp\/v2\/categories?post=35262"},{"taxonomy":"post_tag","embeddable":true,"href":"https:\/\/www.radiomoradebre.cat\/wp\/wp-json\/wp\/v2\/tags?post=35262"}],"curies":[{"name":"wp","href":"https:\/\/api.w.org\/{rel}","templated":true}]}}