
{"id":34945,"date":"2018-10-16T14:32:34","date_gmt":"2018-10-16T12:32:34","guid":{"rendered":"http:\/\/radiomoradebre.cat\/wp\/?p=34945"},"modified":"2018-10-16T14:32:34","modified_gmt":"2018-10-16T12:32:34","slug":"el-comebe-denuncia-una-agressio-al-monument-al-terc-de-montserrat-a-vilalba-dels-arcs","status":"publish","type":"post","link":"https:\/\/www.radiomoradebre.cat\/wp\/2018\/10\/16\/el-comebe-denuncia-una-agressio-al-monument-al-terc-de-montserrat-a-vilalba-dels-arcs\/","title":{"rendered":"El COMEBE denuncia una agressi\u00f3 al monument al ter\u00e7 de Montserrat, a Vilalba dels Arcs"},"content":{"rendered":"<p style=\"font-weight: 400;\"><em><strong>El Consorci Memorial dels Espais de la Batalla de l\u2019Ebre ha denunciat un atac contra el monument als combatents del ter\u00e7 de Montserrat, situat a Vilalba dels Arcs. Aquest cap de setmana ha patit pintades de simbolog\u00eda comunista i anarquista.<\/strong><\/em><\/p>\n<p style=\"font-weight: 400;\"><em><strong>El mon\u00f2lit al ter\u00e7 de requet\u00e9s de Montserrat commemora la tasca dels carlistes catalans que van combatre a la Batalla de l\u2019Ebre, on van ser pr\u00e0cticament aniquil\u00b7lats per les tropes republicanes. El monument es va erigir als anys 60 per part d\u2019alguns dels pocs supervivents a la zona de Quatre Camins, on el ter\u00e7 es va veure envoltat per les tropes republicanes quan avan\u00e7ava en direcci\u00f3 a Punta Targa.<\/strong><\/em><\/p>\n<p><a href=\"http:\/\/radiomoradebre.cat\/wp\/wp-content\/uploads\/2018\/10\/CRO-16-10-18-comebe.mp3\">CRO 16-10-18 comebe<\/a><\/p>\n<div id=\"attachment_34947\" style=\"width: 190px\" class=\"wp-caption aligncenter\"><a href=\"http:\/\/radiomoradebre.cat\/wp\/wp-content\/uploads\/2018\/10\/44113574_10156828713286926_5597578057368993792_n.jpg\"><img loading=\"lazy\" decoding=\"async\" aria-describedby=\"caption-attachment-34947\" class=\"size-medium wp-image-34947\" src=\"http:\/\/radiomoradebre.cat\/wp\/wp-content\/uploads\/2018\/10\/44113574_10156828713286926_5597578057368993792_n-180x300.jpg\" alt=\"\" width=\"180\" height=\"300\" srcset=\"https:\/\/www.radiomoradebre.cat\/wp\/wp-content\/uploads\/2018\/10\/44113574_10156828713286926_5597578057368993792_n-180x300.jpg 180w, https:\/\/www.radiomoradebre.cat\/wp\/wp-content\/uploads\/2018\/10\/44113574_10156828713286926_5597578057368993792_n.jpg 576w\" sizes=\"auto, (max-width: 180px) 100vw, 180px\" \/><\/a><p id=\"caption-attachment-34947\" class=\"wp-caption-text\">Foto: COMEBE<\/p><\/div>\n","protected":false},"excerpt":{"rendered":"<p>El Consorci Memorial dels Espais de la Batalla de l\u2019Ebre ha denunciat un atac contra el monument als combatents del ter\u00e7 de Montserrat, situat a Vilalba dels Arcs. Aquest cap de setmana ha patit pintades de simbolog\u00eda comunista i anarquista. &hellip; <a href=\"https:\/\/www.radiomoradebre.cat\/wp\/2018\/10\/16\/el-comebe-denuncia-una-agressio-al-monument-al-terc-de-montserrat-a-vilalba-dels-arcs\/\">Continue reading <span class=\"meta-nav\">&rarr;<\/span><\/a><\/p>\n","protected":false},"author":3,"featured_media":0,"comment_status":"closed","ping_status":"open","sticky":false,"template":"","format":"standard","meta":{"footnotes":""},"categories":[2],"tags":[167,5932,651,6817,8127,3112,18155,18154,2162],"class_list":["post-34945","post","type-post","status-publish","format-standard","hentry","category-noticies","tag-batalla-de-lebre","tag-carlisme","tag-comebe","tag-consorci-memorial-dels-espais-de-la-batalla-de-lebre","tag-espais-de-la-batalla-de-lebre","tag-memoria-historica","tag-requetes","tag-terc-de-montserrat","tag-vandalisme"],"_links":{"self":[{"href":"https:\/\/www.radiomoradebre.cat\/wp\/wp-json\/wp\/v2\/posts\/34945","targetHints":{"allow":["GET"]}}],"collection":[{"href":"https:\/\/www.radiomoradebre.cat\/wp\/wp-json\/wp\/v2\/posts"}],"about":[{"href":"https:\/\/www.radiomoradebre.cat\/wp\/wp-json\/wp\/v2\/types\/post"}],"author":[{"embeddable":true,"href":"https:\/\/www.radiomoradebre.cat\/wp\/wp-json\/wp\/v2\/users\/3"}],"replies":[{"embeddable":true,"href":"https:\/\/www.radiomoradebre.cat\/wp\/wp-json\/wp\/v2\/comments?post=34945"}],"version-history":[{"count":1,"href":"https:\/\/www.radiomoradebre.cat\/wp\/wp-json\/wp\/v2\/posts\/34945\/revisions"}],"predecessor-version":[{"id":34948,"href":"https:\/\/www.radiomoradebre.cat\/wp\/wp-json\/wp\/v2\/posts\/34945\/revisions\/34948"}],"wp:attachment":[{"href":"https:\/\/www.radiomoradebre.cat\/wp\/wp-json\/wp\/v2\/media?parent=34945"}],"wp:term":[{"taxonomy":"category","embeddable":true,"href":"https:\/\/www.radiomoradebre.cat\/wp\/wp-json\/wp\/v2\/categories?post=34945"},{"taxonomy":"post_tag","embeddable":true,"href":"https:\/\/www.radiomoradebre.cat\/wp\/wp-json\/wp\/v2\/tags?post=34945"}],"curies":[{"name":"wp","href":"https:\/\/api.w.org\/{rel}","templated":true}]}}