
{"id":34770,"date":"2018-10-04T14:33:41","date_gmt":"2018-10-04T12:33:41","guid":{"rendered":"http:\/\/radiomoradebre.cat\/wp\/?p=34770"},"modified":"2018-10-04T14:33:41","modified_gmt":"2018-10-04T12:33:41","slug":"entrevista-josep-eva-i-paco-festa-del-tren-4-10-18","status":"publish","type":"post","link":"https:\/\/www.radiomoradebre.cat\/wp\/2018\/10\/04\/entrevista-josep-eva-i-paco-festa-del-tren-4-10-18\/","title":{"rendered":"Entrevista Josep, Eva i Paco &#8211; Festa del tren (4-10-18)"},"content":{"rendered":"<p>HORA M\u00d3RA D&#8217;EBRE. El Museu del Ferrocarril de M\u00f3ra la Nova celebra els dies 6 i 7 d&#8217;octubre la segona festa del tren amb activitats per al p\u00fablic familiar i les visites teatralitzades com a plat fort. En parlem amb Josep Moragrega, Eva Vallesp\u00ed i Paco Sanahuja.<\/p>\n<p><a href=\"http:\/\/radiomoradebre.cat\/wp\/wp-content\/uploads\/2018\/10\/ENTREVISTA-FESTA-DEL-TREN-MLN-4-10-18-.mp3\">ENTREVISTA FESTA DEL TREN MLN 4-10-18<\/a><\/p>\n<p><a href=\"http:\/\/radiomoradebre.cat\/wp\/wp-content\/uploads\/2018\/10\/IMG_7730.jpg\"><img loading=\"lazy\" decoding=\"async\" class=\"aligncenter size-medium wp-image-34771\" src=\"http:\/\/radiomoradebre.cat\/wp\/wp-content\/uploads\/2018\/10\/IMG_7730-300x225.jpg\" alt=\"\" width=\"300\" height=\"225\" srcset=\"https:\/\/www.radiomoradebre.cat\/wp\/wp-content\/uploads\/2018\/10\/IMG_7730-300x225.jpg 300w, https:\/\/www.radiomoradebre.cat\/wp\/wp-content\/uploads\/2018\/10\/IMG_7730-768x576.jpg 768w, https:\/\/www.radiomoradebre.cat\/wp\/wp-content\/uploads\/2018\/10\/IMG_7730-1024x768.jpg 1024w\" sizes=\"auto, (max-width: 300px) 100vw, 300px\" \/><\/a><\/p>\n","protected":false},"excerpt":{"rendered":"<p>HORA M\u00d3RA D&#8217;EBRE. El Museu del Ferrocarril de M\u00f3ra la Nova celebra els dies 6 i 7 d&#8217;octubre la segona festa del tren amb activitats per al p\u00fablic familiar i les visites teatralitzades com a plat fort. En parlem amb &hellip; <a href=\"https:\/\/www.radiomoradebre.cat\/wp\/2018\/10\/04\/entrevista-josep-eva-i-paco-festa-del-tren-4-10-18\/\">Continue reading <span class=\"meta-nav\">&rarr;<\/span><\/a><\/p>\n","protected":false},"author":3,"featured_media":0,"comment_status":"closed","ping_status":"open","sticky":false,"template":"","format":"standard","meta":{"footnotes":""},"categories":[12],"tags":[8608,3933,8967,16311,8835,6102,228,13134,13168,13602,8264,3747,17978,17979,83,8024,8968,8906,288,227,86,10682,13601,17771,11948],"class_list":["post-34770","post","type-post","status-publish","format-standard","hentry","category-horamoradebre","tag-ajuntament-mora-la-nova","tag-appfi","tag-appfi-mora-la-nova","tag-el-tro","tag-estacio-mora-la-nova","tag-eva-vallespi","tag-ferrocarril","tag-festa-del-tren","tag-festa-del-tren-mora-la-nova","tag-grup-teatre-lestacio","tag-jornades-europees-del-patrimoni","tag-josep-moragrega","tag-laberta-del-poblet","tag-lina-dels-directes","tag-mora-la-nova","tag-museu-del-ferrocarril","tag-museu-del-ferrocarril-mora-la-nova","tag-paco-sanahuja","tag-patrimoni-ferroviari","tag-tren","tag-tren-turistic","tag-tren-turistic-lo-caspolino","tag-un-passeig-per-lestacio","tag-vagoneta-el-tro","tag-visites-teatralitzades"],"_links":{"self":[{"href":"https:\/\/www.radiomoradebre.cat\/wp\/wp-json\/wp\/v2\/posts\/34770","targetHints":{"allow":["GET"]}}],"collection":[{"href":"https:\/\/www.radiomoradebre.cat\/wp\/wp-json\/wp\/v2\/posts"}],"about":[{"href":"https:\/\/www.radiomoradebre.cat\/wp\/wp-json\/wp\/v2\/types\/post"}],"author":[{"embeddable":true,"href":"https:\/\/www.radiomoradebre.cat\/wp\/wp-json\/wp\/v2\/users\/3"}],"replies":[{"embeddable":true,"href":"https:\/\/www.radiomoradebre.cat\/wp\/wp-json\/wp\/v2\/comments?post=34770"}],"version-history":[{"count":1,"href":"https:\/\/www.radiomoradebre.cat\/wp\/wp-json\/wp\/v2\/posts\/34770\/revisions"}],"predecessor-version":[{"id":34772,"href":"https:\/\/www.radiomoradebre.cat\/wp\/wp-json\/wp\/v2\/posts\/34770\/revisions\/34772"}],"wp:attachment":[{"href":"https:\/\/www.radiomoradebre.cat\/wp\/wp-json\/wp\/v2\/media?parent=34770"}],"wp:term":[{"taxonomy":"category","embeddable":true,"href":"https:\/\/www.radiomoradebre.cat\/wp\/wp-json\/wp\/v2\/categories?post=34770"},{"taxonomy":"post_tag","embeddable":true,"href":"https:\/\/www.radiomoradebre.cat\/wp\/wp-json\/wp\/v2\/tags?post=34770"}],"curies":[{"name":"wp","href":"https:\/\/api.w.org\/{rel}","templated":true}]}}