
{"id":34677,"date":"2018-09-28T14:38:18","date_gmt":"2018-09-28T12:38:18","guid":{"rendered":"http:\/\/radiomoradebre.cat\/wp\/?p=34677"},"modified":"2018-09-28T14:38:18","modified_gmt":"2018-09-28T12:38:18","slug":"el-territori-recorda-l1-doctubre","status":"publish","type":"post","link":"https:\/\/www.radiomoradebre.cat\/wp\/2018\/09\/28\/el-territori-recorda-l1-doctubre\/","title":{"rendered":"El territori recorda l&#8217;1 d&#8217;octubre"},"content":{"rendered":"<p style=\"font-weight: 400;\"><em><strong>Comencen els a actes commemoratius de l\u20191 d\u2019octubre. Els municipis de la Ribera d\u2019Ebre, la Terra Alta i el Priorat acullen durant aquest cap de setmana i el proper dilluns diferents actes per reivindicar el refer\u00e9ndum d\u2019ara fa un any.<\/strong><\/em><\/p>\n<p style=\"font-weight: 400;\"><em><strong>En el cas de M\u00f3ra d\u2019Ebre, els actes comen\u00e7aran avui, amb la descoberta d\u2019una placa commemorativa a la Terrassa del Teatre municipal La Llanterna. S\u2019inaugurar\u00e0 a les 8 de la tarda. Abans s\u2019inaugurar\u00e0 una exposici\u00f3 sobre l\u20191 d\u2019octubre al vest\u00edbul del teatre, es presentaran uns lla\u00e7os grocs innovadors, i tamb\u00e9 hi haur\u00e0 una taula rodona sobre Rep\u00fablica digital. S\u2019acabar\u00e0 amb un acte d\u2019homenatge als ferits de l\u20191 d\u2019octubre.<\/strong><\/em><\/p>\n<p style=\"font-weight: 400;\"><em><strong>El diumenge hi haur\u00e0 un gran acte unitari de la Ribera d\u2019Ebre al pavell\u00f3 firal de M\u00f3ra la Nova, que va ser l\u2019\u00fanic indret de la comarca on hi va haver c\u00e0rregues policials durant la jornada.<\/strong><\/em><\/p>\n<p><a href=\"http:\/\/radiomoradebre.cat\/wp\/wp-content\/uploads\/2018\/09\/CRO-28-09-18-1oct.mp3\">CRO 28-09-18 1oct<\/a> <a href=\"http:\/\/radiomoradebre.cat\/wp\/wp-content\/uploads\/2018\/09\/H_3263426_20171001192707-kFEF-U431789999681EbD-1126x636@RAC1-Web.jpg\"><img loading=\"lazy\" decoding=\"async\" class=\"aligncenter size-medium wp-image-34679\" src=\"http:\/\/radiomoradebre.cat\/wp\/wp-content\/uploads\/2018\/09\/H_3263426_20171001192707-kFEF-U431789999681EbD-1126x636@RAC1-Web-300x171.jpg\" alt=\"\" width=\"300\" height=\"171\" srcset=\"https:\/\/www.radiomoradebre.cat\/wp\/wp-content\/uploads\/2018\/09\/H_3263426_20171001192707-kFEF-U431789999681EbD-1126x636@RAC1-Web-300x171.jpg 300w, https:\/\/www.radiomoradebre.cat\/wp\/wp-content\/uploads\/2018\/09\/H_3263426_20171001192707-kFEF-U431789999681EbD-1126x636@RAC1-Web-768x437.jpg 768w, https:\/\/www.radiomoradebre.cat\/wp\/wp-content\/uploads\/2018\/09\/H_3263426_20171001192707-kFEF-U431789999681EbD-1126x636@RAC1-Web-1024x583.jpg 1024w, https:\/\/www.radiomoradebre.cat\/wp\/wp-content\/uploads\/2018\/09\/H_3263426_20171001192707-kFEF-U431789999681EbD-1126x636@RAC1-Web.jpg 1117w\" sizes=\"auto, (max-width: 300px) 100vw, 300px\" \/><\/a><\/p>\n","protected":false},"excerpt":{"rendered":"<p>Comencen els a actes commemoratius de l\u20191 d\u2019octubre. Els municipis de la Ribera d\u2019Ebre, la Terra Alta i el Priorat acullen durant aquest cap de setmana i el proper dilluns diferents actes per reivindicar el refer\u00e9ndum d\u2019ara fa un any. &hellip; <a href=\"https:\/\/www.radiomoradebre.cat\/wp\/2018\/09\/28\/el-territori-recorda-l1-doctubre\/\">Continue reading <span class=\"meta-nav\">&rarr;<\/span><\/a><\/p>\n","protected":false},"author":3,"featured_media":0,"comment_status":"closed","ping_status":"open","sticky":false,"template":"","format":"standard","meta":{"footnotes":""},"categories":[16],"tags":[12837,151,57,83,13316,1505,2123,96,16550],"class_list":["post-34677","post","type-post","status-publish","format-standard","hentry","category-informatius","tag-1-doctubre","tag-assemblea-nacional-catalana","tag-mora-debre","tag-mora-la-nova","tag-pavello-firal-1-doctubre","tag-policia","tag-referendum","tag-ribera-debre","tag-tere-fuster"],"_links":{"self":[{"href":"https:\/\/www.radiomoradebre.cat\/wp\/wp-json\/wp\/v2\/posts\/34677","targetHints":{"allow":["GET"]}}],"collection":[{"href":"https:\/\/www.radiomoradebre.cat\/wp\/wp-json\/wp\/v2\/posts"}],"about":[{"href":"https:\/\/www.radiomoradebre.cat\/wp\/wp-json\/wp\/v2\/types\/post"}],"author":[{"embeddable":true,"href":"https:\/\/www.radiomoradebre.cat\/wp\/wp-json\/wp\/v2\/users\/3"}],"replies":[{"embeddable":true,"href":"https:\/\/www.radiomoradebre.cat\/wp\/wp-json\/wp\/v2\/comments?post=34677"}],"version-history":[{"count":1,"href":"https:\/\/www.radiomoradebre.cat\/wp\/wp-json\/wp\/v2\/posts\/34677\/revisions"}],"predecessor-version":[{"id":34680,"href":"https:\/\/www.radiomoradebre.cat\/wp\/wp-json\/wp\/v2\/posts\/34677\/revisions\/34680"}],"wp:attachment":[{"href":"https:\/\/www.radiomoradebre.cat\/wp\/wp-json\/wp\/v2\/media?parent=34677"}],"wp:term":[{"taxonomy":"category","embeddable":true,"href":"https:\/\/www.radiomoradebre.cat\/wp\/wp-json\/wp\/v2\/categories?post=34677"},{"taxonomy":"post_tag","embeddable":true,"href":"https:\/\/www.radiomoradebre.cat\/wp\/wp-json\/wp\/v2\/tags?post=34677"}],"curies":[{"name":"wp","href":"https:\/\/api.w.org\/{rel}","templated":true}]}}