
{"id":34366,"date":"2018-09-12T14:04:20","date_gmt":"2018-09-12T12:04:20","guid":{"rendered":"http:\/\/radiomoradebre.cat\/wp\/?p=34366"},"modified":"2018-09-12T14:04:20","modified_gmt":"2018-09-12T12:04:20","slug":"entrevista-jose-miguel-lusilla-xv-jornada-jocs-de-rol-i-estrategia-12-9-18","status":"publish","type":"post","link":"https:\/\/www.radiomoradebre.cat\/wp\/2018\/09\/12\/entrevista-jose-miguel-lusilla-xv-jornada-jocs-de-rol-i-estrategia-12-9-18\/","title":{"rendered":"Entrevista Jos\u00e9 Miguel Lusilla &#8211; XV Jornada Jocs de Rol i Estrat\u00e8gia (12-9-18)"},"content":{"rendered":"<p>HORA M\u00d3RA D&#8217;EBRE. Parlem de jocs de rol i estrat\u00e8gia amb Jos\u00e9 Miguel Lusilla, de l&#8217;Associaci\u00f3 Baronia d&#8217;Enten\u00e7a de M\u00f3ra d&#8217;Ebre, que aquest cap de setmana celebra la quinzena edici\u00f3 de la seua jornada anual a la Llanterna Teatre Municipal.<\/p>\n<p><a href=\"http:\/\/radiomoradebre.cat\/wp\/wp-content\/uploads\/2018\/09\/ENTREVISTA-JOSE-MIGUEL-LUSILLA-12-9-18-JORNADA-JOCS-ROL.mp3\">ENTREVISTA JOSE MIGUEL LUSILLA 12-9-18 JORNADA JOCS ROL<\/a><\/p>\n<p><a href=\"http:\/\/radiomoradebre.cat\/wp\/wp-content\/uploads\/2018\/09\/unnamed-4.jpg\"><img loading=\"lazy\" decoding=\"async\" class=\"aligncenter size-medium wp-image-34382\" src=\"http:\/\/radiomoradebre.cat\/wp\/wp-content\/uploads\/2018\/09\/unnamed-4-300x244.jpg\" alt=\"\" width=\"300\" height=\"244\" srcset=\"https:\/\/www.radiomoradebre.cat\/wp\/wp-content\/uploads\/2018\/09\/unnamed-4-300x244.jpg 300w, https:\/\/www.radiomoradebre.cat\/wp\/wp-content\/uploads\/2018\/09\/unnamed-4-768x624.jpg 768w, https:\/\/www.radiomoradebre.cat\/wp\/wp-content\/uploads\/2018\/09\/unnamed-4-1024x832.jpg 1024w\" sizes=\"auto, (max-width: 300px) 100vw, 300px\" \/><\/a><\/p>\n<p>&nbsp;<\/p>\n","protected":false},"excerpt":{"rendered":"<p>HORA M\u00d3RA D&#8217;EBRE. Parlem de jocs de rol i estrat\u00e8gia amb Jos\u00e9 Miguel Lusilla, de l&#8217;Associaci\u00f3 Baronia d&#8217;Enten\u00e7a de M\u00f3ra d&#8217;Ebre, que aquest cap de setmana celebra la quinzena edici\u00f3 de la seua jornada anual a la Llanterna Teatre Municipal. &hellip; <a href=\"https:\/\/www.radiomoradebre.cat\/wp\/2018\/09\/12\/entrevista-jose-miguel-lusilla-xv-jornada-jocs-de-rol-i-estrategia-12-9-18\/\">Continue reading <span class=\"meta-nav\">&rarr;<\/span><\/a><\/p>\n","protected":false},"author":3,"featured_media":0,"comment_status":"closed","ping_status":"open","sticky":false,"template":"","format":"standard","meta":{"footnotes":""},"categories":[12],"tags":[7651,3578,17678,17679,11862,17676,943,17674,8287,8288,17673,2695,17677,12708,57,17682,17681,17675,8292,17680],"class_list":["post-34366","post","type-post","status-publish","format-standard","hentry","category-horamoradebre","tag-associacio-baronia-dentenca","tag-baronia-dentenca","tag-death-valley","tag-drags-i-masmorres","tag-el-senyor-dels-anells","tag-hg-welles","tag-jocs","tag-jocs-destrategia","tag-jocs-de-rol","tag-jocs-de-rol-i-estrategia","tag-jose-miguel-lusilla","tag-la-llanterna-teatre-municipal","tag-magic","tag-miniatures","tag-mora-debre","tag-pequenos-detectives-de-monstruos","tag-rummikub","tag-war-games","tag-warhammer","tag-x-wing"],"_links":{"self":[{"href":"https:\/\/www.radiomoradebre.cat\/wp\/wp-json\/wp\/v2\/posts\/34366","targetHints":{"allow":["GET"]}}],"collection":[{"href":"https:\/\/www.radiomoradebre.cat\/wp\/wp-json\/wp\/v2\/posts"}],"about":[{"href":"https:\/\/www.radiomoradebre.cat\/wp\/wp-json\/wp\/v2\/types\/post"}],"author":[{"embeddable":true,"href":"https:\/\/www.radiomoradebre.cat\/wp\/wp-json\/wp\/v2\/users\/3"}],"replies":[{"embeddable":true,"href":"https:\/\/www.radiomoradebre.cat\/wp\/wp-json\/wp\/v2\/comments?post=34366"}],"version-history":[{"count":1,"href":"https:\/\/www.radiomoradebre.cat\/wp\/wp-json\/wp\/v2\/posts\/34366\/revisions"}],"predecessor-version":[{"id":34383,"href":"https:\/\/www.radiomoradebre.cat\/wp\/wp-json\/wp\/v2\/posts\/34366\/revisions\/34383"}],"wp:attachment":[{"href":"https:\/\/www.radiomoradebre.cat\/wp\/wp-json\/wp\/v2\/media?parent=34366"}],"wp:term":[{"taxonomy":"category","embeddable":true,"href":"https:\/\/www.radiomoradebre.cat\/wp\/wp-json\/wp\/v2\/categories?post=34366"},{"taxonomy":"post_tag","embeddable":true,"href":"https:\/\/www.radiomoradebre.cat\/wp\/wp-json\/wp\/v2\/tags?post=34366"}],"curies":[{"name":"wp","href":"https:\/\/api.w.org\/{rel}","templated":true}]}}