
{"id":34364,"date":"2018-09-12T13:45:56","date_gmt":"2018-09-12T11:45:56","guid":{"rendered":"http:\/\/radiomoradebre.cat\/wp\/?p=34364"},"modified":"2018-09-12T13:45:56","modified_gmt":"2018-09-12T11:45:56","slug":"lasco-empata-amb-el-sants-a-lultim-minut","status":"publish","type":"post","link":"https:\/\/www.radiomoradebre.cat\/wp\/2018\/09\/12\/lasco-empata-amb-el-sants-a-lultim-minut\/","title":{"rendered":"L&#8217;Asc\u00f3 empata amb el Sants a l&#8217;\u00faltim minut"},"content":{"rendered":"<p><em><strong>L&#8217;Asc\u00f3, de Tercera Divisi\u00f3, va empatar amb el Sants. Els asconencs es van avan\u00e7ar al minut 83 amb gol de David Gonz\u00e1lez, per\u00f2 al 92 el Sants va fer el gol de l&#8217;empat que seria definitiu. Quan s&#8217;han disputat cinc jornades, l&#8217;Asc\u00f3 \u00e9s el nov\u00e8 a la taula.<\/strong><\/em><\/p>\n<p>ADRIANA MONCL\u00daS<\/p>\n<p><a href=\"http:\/\/radiomoradebre.cat\/wp\/wp-content\/uploads\/2018\/09\/CRO-12-9-18-EMPAT-ASCO-SANTS.mp3\">CRO 12-9-18 EMPAT ASCO &#8211; SANTS<\/a><\/p>\n<p><a href=\"http:\/\/radiomoradebre.cat\/wp\/wp-content\/uploads\/2018\/09\/41496088_1120892741368959_4365770351565602816_n.jpg\"><img loading=\"lazy\" decoding=\"async\" class=\"aligncenter size-medium wp-image-34368\" src=\"http:\/\/radiomoradebre.cat\/wp\/wp-content\/uploads\/2018\/09\/41496088_1120892741368959_4365770351565602816_n-300x222.jpg\" alt=\"\" width=\"300\" height=\"222\" srcset=\"https:\/\/www.radiomoradebre.cat\/wp\/wp-content\/uploads\/2018\/09\/41496088_1120892741368959_4365770351565602816_n-300x222.jpg 300w, https:\/\/www.radiomoradebre.cat\/wp\/wp-content\/uploads\/2018\/09\/41496088_1120892741368959_4365770351565602816_n-768x569.jpg 768w, https:\/\/www.radiomoradebre.cat\/wp\/wp-content\/uploads\/2018\/09\/41496088_1120892741368959_4365770351565602816_n.jpg 960w\" sizes=\"auto, (max-width: 300px) 100vw, 300px\" \/><\/a><\/p>\n","protected":false},"excerpt":{"rendered":"<p>L&#8217;Asc\u00f3, de Tercera Divisi\u00f3, va empatar amb el Sants. Els asconencs es van avan\u00e7ar al minut 83 amb gol de David Gonz\u00e1lez, per\u00f2 al 92 el Sants va fer el gol de l&#8217;empat que seria definitiu. Quan s&#8217;han disputat cinc &hellip; <a href=\"https:\/\/www.radiomoradebre.cat\/wp\/2018\/09\/12\/lasco-empata-amb-el-sants-a-lultim-minut\/\">Continue reading <span class=\"meta-nav\">&rarr;<\/span><\/a><\/p>\n","protected":false},"author":3,"featured_media":0,"comment_status":"closed","ping_status":"open","sticky":false,"template":"","format":"standard","meta":{"footnotes":""},"categories":[2],"tags":[1060,901,1265,17671],"class_list":["post-34364","post","type-post","status-publish","format-standard","hentry","category-noticies","tag-esports","tag-fc-asco","tag-futbol","tag-sants"],"_links":{"self":[{"href":"https:\/\/www.radiomoradebre.cat\/wp\/wp-json\/wp\/v2\/posts\/34364","targetHints":{"allow":["GET"]}}],"collection":[{"href":"https:\/\/www.radiomoradebre.cat\/wp\/wp-json\/wp\/v2\/posts"}],"about":[{"href":"https:\/\/www.radiomoradebre.cat\/wp\/wp-json\/wp\/v2\/types\/post"}],"author":[{"embeddable":true,"href":"https:\/\/www.radiomoradebre.cat\/wp\/wp-json\/wp\/v2\/users\/3"}],"replies":[{"embeddable":true,"href":"https:\/\/www.radiomoradebre.cat\/wp\/wp-json\/wp\/v2\/comments?post=34364"}],"version-history":[{"count":1,"href":"https:\/\/www.radiomoradebre.cat\/wp\/wp-json\/wp\/v2\/posts\/34364\/revisions"}],"predecessor-version":[{"id":34369,"href":"https:\/\/www.radiomoradebre.cat\/wp\/wp-json\/wp\/v2\/posts\/34364\/revisions\/34369"}],"wp:attachment":[{"href":"https:\/\/www.radiomoradebre.cat\/wp\/wp-json\/wp\/v2\/media?parent=34364"}],"wp:term":[{"taxonomy":"category","embeddable":true,"href":"https:\/\/www.radiomoradebre.cat\/wp\/wp-json\/wp\/v2\/categories?post=34364"},{"taxonomy":"post_tag","embeddable":true,"href":"https:\/\/www.radiomoradebre.cat\/wp\/wp-json\/wp\/v2\/tags?post=34364"}],"curies":[{"name":"wp","href":"https:\/\/api.w.org\/{rel}","templated":true}]}}