
{"id":33718,"date":"2018-07-16T14:10:53","date_gmt":"2018-07-16T12:10:53","guid":{"rendered":"http:\/\/radiomoradebre.cat\/wp\/?p=33718"},"modified":"2018-07-16T14:12:11","modified_gmt":"2018-07-16T12:12:11","slug":"el-vi-alliberam-no-obte-la-patent-per-portar-el-llac-groc","status":"publish","type":"post","link":"https:\/\/www.radiomoradebre.cat\/wp\/2018\/07\/16\/el-vi-alliberam-no-obte-la-patent-per-portar-el-llac-groc\/","title":{"rendered":"El vi Allibera&#8217;m no obt\u00e9 la patent per portar el lla\u00e7 groc"},"content":{"rendered":"<p style=\"font-weight: 400;\"><em><strong>L\u2019Oficina Espanyola de Patents i Marques denega la sol\u00b7licitud de patent del vi \u201cAllibera\u2019m\u201d per portar el lla\u00e7 groc a l\u2019etiqueta. Segons l\u2019oficina de patents el s\u00edmbol del lla\u00e7 fa referencia a situacions inconstitucionals i creu que l\u2019empresa que el vol comercialitzar, Lovers Wine Elegance, vol aprofitar les circumst\u00e0ncies pol\u00edtiques actuals per treure\u2019n benefici econ\u00f2mic.<\/strong><\/em><\/p>\n<p style=\"font-weight: 400;\"><em><strong>El vi \u201cAllibera\u2019m\u201d \u00e9s una iniciativa amb la que l\u2019empresa Lovers Wine Elegance buscava donar suport econ\u00f2mic a les despeses que ocasiona tenir pol\u00edtics empresonats i exiliats arran del proc\u00e9s catal\u00e0. Un vi amb una etiqueta negra que com a s\u00edmbol incorpora un lla\u00e7 groc i que no ha obtingut el vist-i-plau de l\u2019Oficina Espanyola de Patents i Marques que ha al\u00b7legat que \u00e9s \u201cun element gr\u00e0fic que pret\u00e9n simbolitzar fets i situacions inconstitucionals de successos esdevinguts recentment\u201d. I afegeix en el seu escrit que \u201cel s\u00edmbol t\u00e9 un \u00fas abusiu ja que se n\u2019intenta treure un benefici comercial\u201d.<\/strong><\/em><\/p>\n<p>ADRIANA MONCL\u00daS<\/p>\n<p><a href=\"http:\/\/radiomoradebre.cat\/wp\/wp-content\/uploads\/2018\/07\/CRO-16-7-18-VI-ALLIBERAM-1.mp3\">CRO 16-7-18 VI ALLIBERA&#8217;M<\/a><\/p>\n<p><a href=\"http:\/\/radiomoradebre.cat\/wp\/wp-content\/uploads\/2018\/07\/etiqueta-i-contraetiqueta-del-vi-5b473f97da326.jpg\"><img loading=\"lazy\" decoding=\"async\" class=\"aligncenter size-medium wp-image-33723\" src=\"http:\/\/radiomoradebre.cat\/wp\/wp-content\/uploads\/2018\/07\/etiqueta-i-contraetiqueta-del-vi-5b473f97da326-300x218.jpg\" alt=\"\" width=\"300\" height=\"218\" srcset=\"https:\/\/www.radiomoradebre.cat\/wp\/wp-content\/uploads\/2018\/07\/etiqueta-i-contraetiqueta-del-vi-5b473f97da326-300x218.jpg 300w, https:\/\/www.radiomoradebre.cat\/wp\/wp-content\/uploads\/2018\/07\/etiqueta-i-contraetiqueta-del-vi-5b473f97da326.jpg 760w\" sizes=\"auto, (max-width: 300px) 100vw, 300px\" \/><\/a><\/p>\n","protected":false},"excerpt":{"rendered":"<p>L\u2019Oficina Espanyola de Patents i Marques denega la sol\u00b7licitud de patent del vi \u201cAllibera\u2019m\u201d per portar el lla\u00e7 groc a l\u2019etiqueta. Segons l\u2019oficina de patents el s\u00edmbol del lla\u00e7 fa referencia a situacions inconstitucionals i creu que l\u2019empresa que el &hellip; <a href=\"https:\/\/www.radiomoradebre.cat\/wp\/2018\/07\/16\/el-vi-alliberam-no-obte-la-patent-per-portar-el-llac-groc\/\">Continue reading <span class=\"meta-nav\">&rarr;<\/span><\/a><\/p>\n","protected":false},"author":3,"featured_media":0,"comment_status":"closed","ping_status":"open","sticky":false,"template":"","format":"standard","meta":{"footnotes":""},"categories":[2],"tags":[17036,17032,17037,17034,17038,7092,1292,17035],"class_list":["post-33718","post","type-post","status-publish","format-standard","hentry","category-noticies","tag-alliberam","tag-joan-carlos-beltran-artola","tag-llac-groc","tag-lovers-wine-elegance","tag-oficina-espanyola-de-patents-i-marques","tag-patent","tag-proces","tag-vi-alliberam"],"_links":{"self":[{"href":"https:\/\/www.radiomoradebre.cat\/wp\/wp-json\/wp\/v2\/posts\/33718","targetHints":{"allow":["GET"]}}],"collection":[{"href":"https:\/\/www.radiomoradebre.cat\/wp\/wp-json\/wp\/v2\/posts"}],"about":[{"href":"https:\/\/www.radiomoradebre.cat\/wp\/wp-json\/wp\/v2\/types\/post"}],"author":[{"embeddable":true,"href":"https:\/\/www.radiomoradebre.cat\/wp\/wp-json\/wp\/v2\/users\/3"}],"replies":[{"embeddable":true,"href":"https:\/\/www.radiomoradebre.cat\/wp\/wp-json\/wp\/v2\/comments?post=33718"}],"version-history":[{"count":1,"href":"https:\/\/www.radiomoradebre.cat\/wp\/wp-json\/wp\/v2\/posts\/33718\/revisions"}],"predecessor-version":[{"id":33724,"href":"https:\/\/www.radiomoradebre.cat\/wp\/wp-json\/wp\/v2\/posts\/33718\/revisions\/33724"}],"wp:attachment":[{"href":"https:\/\/www.radiomoradebre.cat\/wp\/wp-json\/wp\/v2\/media?parent=33718"}],"wp:term":[{"taxonomy":"category","embeddable":true,"href":"https:\/\/www.radiomoradebre.cat\/wp\/wp-json\/wp\/v2\/categories?post=33718"},{"taxonomy":"post_tag","embeddable":true,"href":"https:\/\/www.radiomoradebre.cat\/wp\/wp-json\/wp\/v2\/tags?post=33718"}],"curies":[{"name":"wp","href":"https:\/\/api.w.org\/{rel}","templated":true}]}}