
{"id":3354,"date":"2013-07-15T10:49:57","date_gmt":"2013-07-15T08:49:57","guid":{"rendered":"http:\/\/radiomoradebre.cat\/wp\/?p=3354"},"modified":"2013-07-15T10:51:35","modified_gmt":"2013-07-15T08:51:35","slug":"el-mas-de-la-coixa-acollira-150-nens-i-nenes-aquest-estiu","status":"publish","type":"post","link":"https:\/\/www.radiomoradebre.cat\/wp\/2013\/07\/15\/el-mas-de-la-coixa-acollira-150-nens-i-nenes-aquest-estiu\/","title":{"rendered":"El Mas de la Coixa acollir\u00e0 150 nens i nenes aquest estiu."},"content":{"rendered":"<p><em><strong>150 nens i nenes passaran pel Mas de la Coixa aquest estiu. L\u2019alberg de M\u00f3ra la Nova forma part de la Xarxa d\u2019Albergs de Catalunya i compta amb l\u2019\u00fanica oferta de col\u00f2nies centrades en el b\u00e0squet i l\u2019handbol organitzades per la Generalitat de Catalunya.<\/strong><\/em><\/p>\n<p>Al llarg de l\u2019estiu, 150 nens i nenes passaran pel Mas de la Coixa de M\u00f3ra la Nova. L\u2019alberg forma part de la Xarxa Nacional d\u2019Albergs Socials de Catalunya \u00a0i actualment \u00e9s l\u2019\u00fanic que compta amb una oferta de col\u00f2nies centrades en el b\u00e0squet i l\u2019handbol, organitzades per la Generalitat de Catalunya. \u00a0Albert LLeberia \u00e9s el director del Mas de La Coixa:<\/p>\n<p><a href=\"http:\/\/radiomoradebre.cat\/wp\/wp-content\/uploads\/2013\/07\/ALBERT-LLEBERIA-12-7-BASQUET-I-HANDBOL.mp3\">ALBERT LLEBERIA 12-7 BASQUET I HANDBOL<\/a><\/p>\n<p>Durant l\u2019any el Mas organitza altres activitats i sortides per als infants per diferents indrets del territori amb l\u2019objectiu de difondre\u2019l entre els m\u00e9s menuts. Aquest \u00e9s el cas de la visita a la Reserva Natural de Sebes de Flix, a la Ribera d\u2019Ebre, la visita a les mines de Bellmunt, al Priorat, o la visita a la Via verda i els centres d\u2019interpretaci\u00f3 de la batalla de l\u2019Ebre a la Terra Alta.<\/p>\n<p>D\u2019altra banda, Lleberia ha destacat que el Mas de la Coixa aposta pel seu entorn. Per aix\u00f2 mateix aquest any s\u2019ha ofertat per primer cop una visita al centre d\u2019interpretaci\u00f3 del ferrocarril de M\u00f3ra la Nova.<\/p>\n<p><a href=\"http:\/\/radiomoradebre.cat\/wp\/wp-content\/uploads\/2013\/07\/ALBERT-LLEBERIA-12-7-FERROCARRIL.mp3\">ALBERT LLEBERIA 12-7 FERROCARRIL<\/a><\/p>\n<p>Lleberia s\u2019ha mostrat molt content amb el fet que el 60% dels nens repeteixin cada any, i ha destacat que formar part de la Xarxa d\u2019albergs de Catalunya els ha donat una gran confian\u00e7a i una gran seguretat per continuar desenvolupant la seva tasca.<\/p>\n<p>&nbsp;<\/p>\n","protected":false},"excerpt":{"rendered":"<p>150 nens i nenes passaran pel Mas de la Coixa aquest estiu. L\u2019alberg de M\u00f3ra la Nova forma part de la Xarxa d\u2019Albergs de Catalunya i compta amb l\u2019\u00fanica oferta de col\u00f2nies centrades en el b\u00e0squet i l\u2019handbol organitzades per &hellip; <a href=\"https:\/\/www.radiomoradebre.cat\/wp\/2013\/07\/15\/el-mas-de-la-coixa-acollira-150-nens-i-nenes-aquest-estiu\/\">Continue reading <span class=\"meta-nav\">&rarr;<\/span><\/a><\/p>\n","protected":false},"author":3,"featured_media":0,"comment_status":"closed","ping_status":"open","sticky":false,"template":"","format":"standard","meta":{"footnotes":""},"categories":[2],"tags":[1355,1146,1232,255,1354,1353,275,1356],"class_list":["post-3354","post","type-post","status-publish","format-standard","hentry","category-noticies","tag-basquet","tag-campus","tag-colonies","tag-generalitat","tag-handbol","tag-mas","tag-mas-de-la-coixa","tag-xanascat"],"_links":{"self":[{"href":"https:\/\/www.radiomoradebre.cat\/wp\/wp-json\/wp\/v2\/posts\/3354","targetHints":{"allow":["GET"]}}],"collection":[{"href":"https:\/\/www.radiomoradebre.cat\/wp\/wp-json\/wp\/v2\/posts"}],"about":[{"href":"https:\/\/www.radiomoradebre.cat\/wp\/wp-json\/wp\/v2\/types\/post"}],"author":[{"embeddable":true,"href":"https:\/\/www.radiomoradebre.cat\/wp\/wp-json\/wp\/v2\/users\/3"}],"replies":[{"embeddable":true,"href":"https:\/\/www.radiomoradebre.cat\/wp\/wp-json\/wp\/v2\/comments?post=3354"}],"version-history":[{"count":3,"href":"https:\/\/www.radiomoradebre.cat\/wp\/wp-json\/wp\/v2\/posts\/3354\/revisions"}],"predecessor-version":[{"id":3358,"href":"https:\/\/www.radiomoradebre.cat\/wp\/wp-json\/wp\/v2\/posts\/3354\/revisions\/3358"}],"wp:attachment":[{"href":"https:\/\/www.radiomoradebre.cat\/wp\/wp-json\/wp\/v2\/media?parent=3354"}],"wp:term":[{"taxonomy":"category","embeddable":true,"href":"https:\/\/www.radiomoradebre.cat\/wp\/wp-json\/wp\/v2\/categories?post=3354"},{"taxonomy":"post_tag","embeddable":true,"href":"https:\/\/www.radiomoradebre.cat\/wp\/wp-json\/wp\/v2\/tags?post=3354"}],"curies":[{"name":"wp","href":"https:\/\/api.w.org\/{rel}","templated":true}]}}