
{"id":33357,"date":"2018-06-27T12:54:46","date_gmt":"2018-06-27T10:54:46","guid":{"rendered":"http:\/\/radiomoradebre.cat\/wp\/?p=33357"},"modified":"2018-06-27T13:37:07","modified_gmt":"2018-06-27T11:37:07","slug":"entrevista-jesus-alvarez-abastament-aigua-mora-la-nova-27-6-18","status":"publish","type":"post","link":"https:\/\/www.radiomoradebre.cat\/wp\/2018\/06\/27\/entrevista-jesus-alvarez-abastament-aigua-mora-la-nova-27-6-18\/","title":{"rendered":"Entrevista Jes\u00fas \u00c1lvarez &#8211; abastament aigua M\u00f3ra la Nova (27-6-18)"},"content":{"rendered":"<p>INFORMATIU HORA M\u00d3RA D&#8217;EBRE. Parlem amb Jes\u00fas \u00c1lvarez, regidor de Serveis i Protecci\u00f3 Civil de M\u00f3ra la Nova, sobre la restricci\u00f3 d&#8217;aigua per beure i cuinar al municipi despr\u00e9s que s&#8217;hagi registrat un par\u00e0metre per sobre del perm\u00e8s en plaguicides al dip\u00f2sit d&#8217;aig\u00fces.<\/p>\n<p><a href=\"http:\/\/radiomoradebre.cat\/wp\/wp-content\/uploads\/2018\/06\/INFO-HORA-M\u00d3RA-DEBRE-26-6-18-JESUS-ALVAREZ-.mp3\">INFO HORA M\u00d3RA D&#8217;EBRE 26-6-18 JESUS ALVAREZ<\/a><\/p>\n<p><a href=\"http:\/\/radiomoradebre.cat\/wp\/wp-content\/uploads\/2016\/01\/JES\u00daS-\u00c1LVAREZ-5-1-16.jpg\"><img loading=\"lazy\" decoding=\"async\" class=\"aligncenter size-medium wp-image-19239\" src=\"http:\/\/radiomoradebre.cat\/wp\/wp-content\/uploads\/2016\/01\/JES\u00daS-\u00c1LVAREZ-5-1-16-225x300.jpg\" alt=\"\" width=\"225\" height=\"300\" srcset=\"https:\/\/www.radiomoradebre.cat\/wp\/wp-content\/uploads\/2016\/01\/JES\u00daS-\u00c1LVAREZ-5-1-16-225x300.jpg 225w, https:\/\/www.radiomoradebre.cat\/wp\/wp-content\/uploads\/2016\/01\/JES\u00daS-\u00c1LVAREZ-5-1-16-768x1024.jpg 768w\" sizes=\"auto, (max-width: 225px) 100vw, 225px\" \/><\/a><\/p>\n<p>&nbsp;<\/p>\n","protected":false},"excerpt":{"rendered":"<p>INFORMATIU HORA M\u00d3RA D&#8217;EBRE. Parlem amb Jes\u00fas \u00c1lvarez, regidor de Serveis i Protecci\u00f3 Civil de M\u00f3ra la Nova, sobre la restricci\u00f3 d&#8217;aigua per beure i cuinar al municipi despr\u00e9s que s&#8217;hagi registrat un par\u00e0metre per sobre del perm\u00e8s en plaguicides &hellip; <a href=\"https:\/\/www.radiomoradebre.cat\/wp\/2018\/06\/27\/entrevista-jesus-alvarez-abastament-aigua-mora-la-nova-27-6-18\/\">Continue reading <span class=\"meta-nav\">&rarr;<\/span><\/a><\/p>\n","protected":false},"author":3,"featured_media":0,"comment_status":"closed","ping_status":"open","sticky":false,"template":"","format":"standard","meta":{"footnotes":""},"categories":[12,16],"tags":[113,8608,16741,16742,2046,83,16738,16739,16740],"class_list":["post-33357","post","type-post","status-publish","format-standard","hentry","category-horamoradebre","category-informatius","tag-aigua","tag-ajuntament-mora-la-nova","tag-camio-cisterna","tag-diposit-aigua","tag-jesus-alvarez","tag-mora-la-nova","tag-restriccio-aigua","tag-restriccio-aigua-mora-la-nova","tag-sistema-filtratge-carbo"],"_links":{"self":[{"href":"https:\/\/www.radiomoradebre.cat\/wp\/wp-json\/wp\/v2\/posts\/33357","targetHints":{"allow":["GET"]}}],"collection":[{"href":"https:\/\/www.radiomoradebre.cat\/wp\/wp-json\/wp\/v2\/posts"}],"about":[{"href":"https:\/\/www.radiomoradebre.cat\/wp\/wp-json\/wp\/v2\/types\/post"}],"author":[{"embeddable":true,"href":"https:\/\/www.radiomoradebre.cat\/wp\/wp-json\/wp\/v2\/users\/3"}],"replies":[{"embeddable":true,"href":"https:\/\/www.radiomoradebre.cat\/wp\/wp-json\/wp\/v2\/comments?post=33357"}],"version-history":[{"count":3,"href":"https:\/\/www.radiomoradebre.cat\/wp\/wp-json\/wp\/v2\/posts\/33357\/revisions"}],"predecessor-version":[{"id":33360,"href":"https:\/\/www.radiomoradebre.cat\/wp\/wp-json\/wp\/v2\/posts\/33357\/revisions\/33360"}],"wp:attachment":[{"href":"https:\/\/www.radiomoradebre.cat\/wp\/wp-json\/wp\/v2\/media?parent=33357"}],"wp:term":[{"taxonomy":"category","embeddable":true,"href":"https:\/\/www.radiomoradebre.cat\/wp\/wp-json\/wp\/v2\/categories?post=33357"},{"taxonomy":"post_tag","embeddable":true,"href":"https:\/\/www.radiomoradebre.cat\/wp\/wp-json\/wp\/v2\/tags?post=33357"}],"curies":[{"name":"wp","href":"https:\/\/api.w.org\/{rel}","templated":true}]}}