
{"id":32374,"date":"2018-04-25T14:15:06","date_gmt":"2018-04-25T12:15:06","guid":{"rendered":"http:\/\/radiomoradebre.cat\/wp\/?p=32374"},"modified":"2018-04-25T14:15:06","modified_gmt":"2018-04-25T12:15:06","slug":"informatiu-hora-14-25-4-18","status":"publish","type":"post","link":"https:\/\/www.radiomoradebre.cat\/wp\/2018\/04\/25\/informatiu-hora-14-25-4-18\/","title":{"rendered":"Informatiu HORA 14 (25-4-18)"},"content":{"rendered":"<p>HORA 14. A l&#8217;informatiu del migdia de R\u00e0dio M\u00f3ra d&#8217;Ebre SER t&#8217;expliquem tot all\u00f2 que passa al territori. De dilluns a divendres a les 13.50h amb Adriana Moncl\u00fas i Andreu Prunera.<\/p>\n<p><a href=\"http:\/\/radiomoradebre.cat\/wp\/wp-content\/uploads\/2018\/04\/HORA_14_25-4-18-1.mp3\">HORA_14_25-4-18<\/a><\/p>\n<p><a href=\"http:\/\/radiomoradebre.cat\/wp\/wp-content\/uploads\/2017\/06\/micro_IMG_2509.jpg\"><img loading=\"lazy\" decoding=\"async\" class=\"aligncenter size-medium wp-image-27957\" src=\"http:\/\/radiomoradebre.cat\/wp\/wp-content\/uploads\/2017\/06\/micro_IMG_2509-300x225.jpg\" alt=\"\" width=\"300\" height=\"225\" srcset=\"https:\/\/www.radiomoradebre.cat\/wp\/wp-content\/uploads\/2017\/06\/micro_IMG_2509-300x225.jpg 300w, https:\/\/www.radiomoradebre.cat\/wp\/wp-content\/uploads\/2017\/06\/micro_IMG_2509-768x576.jpg 768w, https:\/\/www.radiomoradebre.cat\/wp\/wp-content\/uploads\/2017\/06\/micro_IMG_2509-1024x768.jpg 1024w\" sizes=\"auto, (max-width: 300px) 100vw, 300px\" \/><\/a><\/p>\n","protected":false},"excerpt":{"rendered":"<p>HORA 14. A l&#8217;informatiu del migdia de R\u00e0dio M\u00f3ra d&#8217;Ebre SER t&#8217;expliquem tot all\u00f2 que passa al territori. De dilluns a divendres a les 13.50h amb Adriana Moncl\u00fas i Andreu Prunera. HORA_14_25-4-18<\/p>\n","protected":false},"author":3,"featured_media":0,"comment_status":"closed","ping_status":"open","sticky":false,"template":"","format":"standard","meta":{"footnotes":""},"categories":[16],"tags":[748,2663,12985,3698,568,15758,12449,5806,6786,8685,15759,15632,12681,15730,2380,997,10217,15755,3055,12987,14439,11343,15760,12683,15729,15757,57,3587,15073,11633,7211,15183,153,15756,10919,8300,11856,66,6765,3950,1517,71,2248],"class_list":["post-32374","post","type-post","status-publish","format-standard","hentry","category-informatius","tag-1-de-maig","tag-adriana-monclus","tag-ajuntament-tortosa","tag-andreu-prunera","tag-cabal-riu-ebre","tag-changwon","tag-clinica-terres-de-lebre","tag-colla-de-diables-sheron","tag-contractacio-temporal","tag-copa-del-mon-de-tir","tag-corea-del-sud","tag-crescuda-riu-ebre","tag-diables-sheron","tag-drac-sheron","tag-futbol-sala","tag-futbol-sala-mora-debre","tag-futsal-mora-debre","tag-gesat","tag-hora-14","tag-hospital-de-la-santa-creu-de-jesus","tag-hospital-tortosa","tag-joan-llort","tag-jocs-olimpics-toquio","tag-jordi-fornos","tag-la-llegenda-de-sant-jordi-i-el-drac-sheron","tag-mobilitzacio-1-de-maig","tag-mora-debre","tag-pas-de-barca","tag-pas-de-barca-flix","tag-pas-de-barca-garcia","tag-pas-de-barca-miravet","tag-pensionistes","tag-pensions","tag-pere-panisello","tag-pistola-daire-comprimit","tag-precarietat-laboral","tag-primera-divisio-catalana-futbol-sala","tag-riu-ebre","tag-santi-alfonso","tag-sonia-franquet","tag-tarragona","tag-tortosa","tag-ugt"],"_links":{"self":[{"href":"https:\/\/www.radiomoradebre.cat\/wp\/wp-json\/wp\/v2\/posts\/32374","targetHints":{"allow":["GET"]}}],"collection":[{"href":"https:\/\/www.radiomoradebre.cat\/wp\/wp-json\/wp\/v2\/posts"}],"about":[{"href":"https:\/\/www.radiomoradebre.cat\/wp\/wp-json\/wp\/v2\/types\/post"}],"author":[{"embeddable":true,"href":"https:\/\/www.radiomoradebre.cat\/wp\/wp-json\/wp\/v2\/users\/3"}],"replies":[{"embeddable":true,"href":"https:\/\/www.radiomoradebre.cat\/wp\/wp-json\/wp\/v2\/comments?post=32374"}],"version-history":[{"count":1,"href":"https:\/\/www.radiomoradebre.cat\/wp\/wp-json\/wp\/v2\/posts\/32374\/revisions"}],"predecessor-version":[{"id":32375,"href":"https:\/\/www.radiomoradebre.cat\/wp\/wp-json\/wp\/v2\/posts\/32374\/revisions\/32375"}],"wp:attachment":[{"href":"https:\/\/www.radiomoradebre.cat\/wp\/wp-json\/wp\/v2\/media?parent=32374"}],"wp:term":[{"taxonomy":"category","embeddable":true,"href":"https:\/\/www.radiomoradebre.cat\/wp\/wp-json\/wp\/v2\/categories?post=32374"},{"taxonomy":"post_tag","embeddable":true,"href":"https:\/\/www.radiomoradebre.cat\/wp\/wp-json\/wp\/v2\/tags?post=32374"}],"curies":[{"name":"wp","href":"https:\/\/api.w.org\/{rel}","templated":true}]}}