
{"id":32069,"date":"2018-03-29T14:19:50","date_gmt":"2018-03-29T12:19:50","guid":{"rendered":"http:\/\/radiomoradebre.cat\/wp\/?p=32069"},"modified":"2018-03-29T14:19:50","modified_gmt":"2018-03-29T12:19:50","slug":"informatiu-hora-14-29-3-18","status":"publish","type":"post","link":"https:\/\/www.radiomoradebre.cat\/wp\/2018\/03\/29\/informatiu-hora-14-29-3-18\/","title":{"rendered":"Informatiu HORA 14 (29-3-18)"},"content":{"rendered":"<p>HORA 14. L&#8217;actualitat de la Ribera d&#8217;Ebre, la Terra Alta i el Priorat \u00e9s la protagonista de l&#8217;informatiu del migdia a R\u00e0dio M\u00f3ra d&#8217;Ebre. Amb Adriana Moncl\u00fas i Andreu Prunera.<\/p>\n<p><a href=\"http:\/\/radiomoradebre.cat\/wp\/wp-content\/uploads\/2018\/03\/HORA_14_29-3-18-1.mp3\">HORA_14_29-3-18<\/a><\/p>\n<p><a href=\"http:\/\/radiomoradebre.cat\/wp\/wp-content\/uploads\/2017\/01\/micro_IMG_2509.jpg\"><img loading=\"lazy\" decoding=\"async\" class=\"aligncenter size-medium wp-image-25292\" src=\"http:\/\/radiomoradebre.cat\/wp\/wp-content\/uploads\/2017\/01\/micro_IMG_2509-300x225.jpg\" alt=\"\" width=\"300\" height=\"225\" srcset=\"https:\/\/www.radiomoradebre.cat\/wp\/wp-content\/uploads\/2017\/01\/micro_IMG_2509-300x225.jpg 300w, https:\/\/www.radiomoradebre.cat\/wp\/wp-content\/uploads\/2017\/01\/micro_IMG_2509-768x576.jpg 768w, https:\/\/www.radiomoradebre.cat\/wp\/wp-content\/uploads\/2017\/01\/micro_IMG_2509-1024x768.jpg 1024w\" sizes=\"auto, (max-width: 300px) 100vw, 300px\" \/><\/a><\/p>\n","protected":false},"excerpt":{"rendered":"<p>HORA 14. L&#8217;actualitat de la Ribera d&#8217;Ebre, la Terra Alta i el Priorat \u00e9s la protagonista de l&#8217;informatiu del migdia a R\u00e0dio M\u00f3ra d&#8217;Ebre. Amb Adriana Moncl\u00fas i Andreu Prunera. HORA_14_29-3-18<\/p>\n","protected":false},"author":3,"featured_media":0,"comment_status":"closed","ping_status":"open","sticky":false,"template":"","format":"standard","meta":{"footnotes":""},"categories":[16],"tags":[2663,372,15405,15404,3698,2985,11315,6788,2152,15409,15411,645,15408,692,3180,1704,255,3055,1479,883,3350,8865,185,328,57,6789,15406,13564,15403,49,15269,4500,96,12371,15410,456,26,15407,15412,71,523,15354,333],"class_list":["post-32069","post","type-post","status-publish","format-standard","hentry","category-informatius","tag-adriana-monclus","tag-ajuntament-de-reus","tag-ajut-menjador-escolar","tag-ajuts-transport-escolar","tag-andreu-prunera","tag-armats","tag-armats-flix","tag-calvari","tag-cinema","tag-cinema-turistic","tag-comite-internacionl-de-festivals-de-cinema-de-turisme","tag-consell-comarcal-ribera-debre","tag-festival-terres-catalunya","tag-gechosa","tag-gecohsa","tag-gemma-carim","tag-generalitat","tag-hora-14","tag-hospital-comarcal-mora-debre","tag-hospital-mora-debre","tag-ics","tag-institut-catala-de-la-salut","tag-joan-pinol","tag-la-fatarella","tag-mora-debre","tag-passio","tag-passio-vilalba","tag-presos-politics","tag-presos-proces-catala","tag-priorat","tag-proces-catala","tag-processo","tag-ribera-debre","tag-salut-terres-de-lebre","tag-santi-valldeperez","tag-setmana-santa","tag-terra-alta","tag-terres-catalunya","tag-terreslab","tag-tortosa","tag-turisme-terra-alta","tag-via-crucis","tag-vilalba-dels-arcs"],"_links":{"self":[{"href":"https:\/\/www.radiomoradebre.cat\/wp\/wp-json\/wp\/v2\/posts\/32069","targetHints":{"allow":["GET"]}}],"collection":[{"href":"https:\/\/www.radiomoradebre.cat\/wp\/wp-json\/wp\/v2\/posts"}],"about":[{"href":"https:\/\/www.radiomoradebre.cat\/wp\/wp-json\/wp\/v2\/types\/post"}],"author":[{"embeddable":true,"href":"https:\/\/www.radiomoradebre.cat\/wp\/wp-json\/wp\/v2\/users\/3"}],"replies":[{"embeddable":true,"href":"https:\/\/www.radiomoradebre.cat\/wp\/wp-json\/wp\/v2\/comments?post=32069"}],"version-history":[{"count":1,"href":"https:\/\/www.radiomoradebre.cat\/wp\/wp-json\/wp\/v2\/posts\/32069\/revisions"}],"predecessor-version":[{"id":32074,"href":"https:\/\/www.radiomoradebre.cat\/wp\/wp-json\/wp\/v2\/posts\/32069\/revisions\/32074"}],"wp:attachment":[{"href":"https:\/\/www.radiomoradebre.cat\/wp\/wp-json\/wp\/v2\/media?parent=32069"}],"wp:term":[{"taxonomy":"category","embeddable":true,"href":"https:\/\/www.radiomoradebre.cat\/wp\/wp-json\/wp\/v2\/categories?post=32069"},{"taxonomy":"post_tag","embeddable":true,"href":"https:\/\/www.radiomoradebre.cat\/wp\/wp-json\/wp\/v2\/tags?post=32069"}],"curies":[{"name":"wp","href":"https:\/\/api.w.org\/{rel}","templated":true}]}}