
{"id":31994,"date":"2018-03-26T14:14:50","date_gmt":"2018-03-26T12:14:50","guid":{"rendered":"http:\/\/radiomoradebre.cat\/wp\/?p=31994"},"modified":"2018-03-26T14:14:50","modified_gmt":"2018-03-26T12:14:50","slug":"entrevista-santi-i-jose-antonio-setmana-santa-mora-debre-26-3-18","status":"publish","type":"post","link":"https:\/\/www.radiomoradebre.cat\/wp\/2018\/03\/26\/entrevista-santi-i-jose-antonio-setmana-santa-mora-debre-26-3-18\/","title":{"rendered":"Entrevista Santi i Jos\u00e9 Antonio &#8211; Setmana Santa M\u00f3ra d&#8217;Ebre (26-3-18)"},"content":{"rendered":"<p>HORA M\u00d3RA D&#8217;EBRE. Parlem de les processons de Setmana Santa a M\u00f3ra d&#8217;Ebre amb Santi Alfonso i Jos\u00e9 Antonio Serres de l&#8217;Associaci\u00f3 Organitzadora de les processons de Setmana Santa.<\/p>\n<p><a href=\"http:\/\/radiomoradebre.cat\/wp\/wp-content\/uploads\/2018\/03\/ENTREVISTA-SANTI-I-JOSE-ANTONIO-26-3-18-SETMANA-SANTA-MDE.mp3\">ENTREVISTA SANTI I JOSE ANTONIO 26-3-18 SETMANA SANTA MDE<\/a><\/p>\n<p><a href=\"http:\/\/radiomoradebre.cat\/wp\/wp-content\/uploads\/2018\/03\/IMG_3781.jpg\"><img loading=\"lazy\" decoding=\"async\" class=\"aligncenter size-medium wp-image-32012\" src=\"http:\/\/radiomoradebre.cat\/wp\/wp-content\/uploads\/2018\/03\/IMG_3781-300x225.jpg\" alt=\"\" width=\"300\" height=\"225\" srcset=\"https:\/\/www.radiomoradebre.cat\/wp\/wp-content\/uploads\/2018\/03\/IMG_3781-300x225.jpg 300w, https:\/\/www.radiomoradebre.cat\/wp\/wp-content\/uploads\/2018\/03\/IMG_3781-768x576.jpg 768w, https:\/\/www.radiomoradebre.cat\/wp\/wp-content\/uploads\/2018\/03\/IMG_3781-1024x768.jpg 1024w\" sizes=\"auto, (max-width: 300px) 100vw, 300px\" \/><\/a><\/p>\n<p>&nbsp;<\/p>\n","protected":false},"excerpt":{"rendered":"<p>HORA M\u00d3RA D&#8217;EBRE. Parlem de les processons de Setmana Santa a M\u00f3ra d&#8217;Ebre amb Santi Alfonso i Jos\u00e9 Antonio Serres de l&#8217;Associaci\u00f3 Organitzadora de les processons de Setmana Santa. ENTREVISTA SANTI I JOSE ANTONIO 26-3-18 SETMANA SANTA MDE &nbsp;<\/p>\n","protected":false},"author":3,"featured_media":0,"comment_status":"closed","ping_status":"open","sticky":false,"template":"","format":"standard","meta":{"footnotes":""},"categories":[12],"tags":[2983,15340,15342,15339,6766,57,2984,4500,15344,15343,15338,11318,6765,456,11663,15341,2991],"class_list":["post-31994","post","type-post","status-publish","format-standard","hentry","category-horamoradebre","tag-associacio-organitzadora-de-les-processons-de-setmana-santa","tag-crist","tag-dolorosa","tag-escales-calvari","tag-jose-antonio-serres","tag-mora-debre","tag-passos","tag-processo","tag-processo-de-les-torxes","tag-processo-sant-enterrament","tag-processons","tag-processons-setmana-santa","tag-santi-alfonso","tag-setmana-santa","tag-setmana-santa-mora-debre","tag-veronica","tag-viacrucis"],"_links":{"self":[{"href":"https:\/\/www.radiomoradebre.cat\/wp\/wp-json\/wp\/v2\/posts\/31994","targetHints":{"allow":["GET"]}}],"collection":[{"href":"https:\/\/www.radiomoradebre.cat\/wp\/wp-json\/wp\/v2\/posts"}],"about":[{"href":"https:\/\/www.radiomoradebre.cat\/wp\/wp-json\/wp\/v2\/types\/post"}],"author":[{"embeddable":true,"href":"https:\/\/www.radiomoradebre.cat\/wp\/wp-json\/wp\/v2\/users\/3"}],"replies":[{"embeddable":true,"href":"https:\/\/www.radiomoradebre.cat\/wp\/wp-json\/wp\/v2\/comments?post=31994"}],"version-history":[{"count":1,"href":"https:\/\/www.radiomoradebre.cat\/wp\/wp-json\/wp\/v2\/posts\/31994\/revisions"}],"predecessor-version":[{"id":32013,"href":"https:\/\/www.radiomoradebre.cat\/wp\/wp-json\/wp\/v2\/posts\/31994\/revisions\/32013"}],"wp:attachment":[{"href":"https:\/\/www.radiomoradebre.cat\/wp\/wp-json\/wp\/v2\/media?parent=31994"}],"wp:term":[{"taxonomy":"category","embeddable":true,"href":"https:\/\/www.radiomoradebre.cat\/wp\/wp-json\/wp\/v2\/categories?post=31994"},{"taxonomy":"post_tag","embeddable":true,"href":"https:\/\/www.radiomoradebre.cat\/wp\/wp-json\/wp\/v2\/tags?post=31994"}],"curies":[{"name":"wp","href":"https:\/\/api.w.org\/{rel}","templated":true}]}}