
{"id":31896,"date":"2018-03-20T13:13:02","date_gmt":"2018-03-20T12:13:02","guid":{"rendered":"http:\/\/radiomoradebre.cat\/wp\/?p=31896"},"modified":"2018-03-20T13:13:02","modified_gmt":"2018-03-20T12:13:02","slug":"menys-carters-i-mes-precaritzacio-del-servei-de-correus","status":"publish","type":"post","link":"https:\/\/www.radiomoradebre.cat\/wp\/2018\/03\/20\/menys-carters-i-mes-precaritzacio-del-servei-de-correus\/","title":{"rendered":"Menys carters i m\u00e9s precaritzaci\u00f3 del servei de Correus"},"content":{"rendered":"<p><em><strong>La demarcaci\u00f3 de Tarragona ha perdut 250\u00a0<span class=\"il\">carters<\/span>\u00a0en els darrers anys a causa de la crisi. Els sindicats anuncien mobilitzacions contra la precaritzaci\u00f3 i alerten d&#8217;un possible desmantellament del servei.<\/strong><\/em><\/p>\n<p><em><strong>Oficines tancades i pobles on les cartes es reben dia s\u00ed i dia no per manca de personal. Segons representants dels treballadors, aquesta \u00e9s una estampa relativament habitual als municipis petits, sobretot de comarques com ara el Priorat i la Ribera d&#8217;Ebre. Comissions Obreres i UGT calculen que la reducci\u00f3 del finan\u00e7ament per part de l&#8217;Estat ha destru\u00eft m\u00e9s de 200 llocs de treball entre personal de repartiment i d&#8217;atenci\u00f3 al client, i alerten que se&#8217;n poden sumar 150 m\u00e9s si la situaci\u00f3 no canvia.<\/strong><\/em><\/p>\n<p>CADENA SER &#8211; TARRAGONA<\/p>\n<p><em><strong>\u00a0<a href=\"http:\/\/radiomoradebre.cat\/wp\/wp-content\/uploads\/2018\/03\/CRO-20-03-18-carters.mp3\">CRO 20-03-18 carters<\/a><\/strong><\/em><\/p>\n<p><a href=\"http:\/\/radiomoradebre.cat\/wp\/wp-content\/uploads\/2018\/03\/1505380124010.jpg\"><img loading=\"lazy\" decoding=\"async\" class=\"aligncenter size-medium wp-image-31898\" src=\"http:\/\/radiomoradebre.cat\/wp\/wp-content\/uploads\/2018\/03\/1505380124010-300x169.jpg\" alt=\"\" width=\"300\" height=\"169\" srcset=\"https:\/\/www.radiomoradebre.cat\/wp\/wp-content\/uploads\/2018\/03\/1505380124010-300x169.jpg 300w, https:\/\/www.radiomoradebre.cat\/wp\/wp-content\/uploads\/2018\/03\/1505380124010.jpg 670w\" sizes=\"auto, (max-width: 300px) 100vw, 300px\" \/><\/a><\/p>\n","protected":false},"excerpt":{"rendered":"<p>La demarcaci\u00f3 de Tarragona ha perdut 250\u00a0carters\u00a0en els darrers anys a causa de la crisi. Els sindicats anuncien mobilitzacions contra la precaritzaci\u00f3 i alerten d&#8217;un possible desmantellament del servei. Oficines tancades i pobles on les cartes es reben dia s\u00ed &hellip; <a href=\"https:\/\/www.radiomoradebre.cat\/wp\/2018\/03\/20\/menys-carters-i-mes-precaritzacio-del-servei-de-correus\/\">Continue reading <span class=\"meta-nav\">&rarr;<\/span><\/a><\/p>\n","protected":false},"author":3,"featured_media":0,"comment_status":"closed","ping_status":"open","sticky":false,"template":"","format":"standard","meta":{"footnotes":""},"categories":[2],"tags":[4248,2247,5912,3053,13977,10958,958],"class_list":["post-31896","post","type-post","status-publish","format-standard","hentry","category-noticies","tag-carters","tag-ccoo","tag-comissions-obreres","tag-correus","tag-ramon-romeu","tag-servei-public","tag-serveis"],"_links":{"self":[{"href":"https:\/\/www.radiomoradebre.cat\/wp\/wp-json\/wp\/v2\/posts\/31896","targetHints":{"allow":["GET"]}}],"collection":[{"href":"https:\/\/www.radiomoradebre.cat\/wp\/wp-json\/wp\/v2\/posts"}],"about":[{"href":"https:\/\/www.radiomoradebre.cat\/wp\/wp-json\/wp\/v2\/types\/post"}],"author":[{"embeddable":true,"href":"https:\/\/www.radiomoradebre.cat\/wp\/wp-json\/wp\/v2\/users\/3"}],"replies":[{"embeddable":true,"href":"https:\/\/www.radiomoradebre.cat\/wp\/wp-json\/wp\/v2\/comments?post=31896"}],"version-history":[{"count":1,"href":"https:\/\/www.radiomoradebre.cat\/wp\/wp-json\/wp\/v2\/posts\/31896\/revisions"}],"predecessor-version":[{"id":31899,"href":"https:\/\/www.radiomoradebre.cat\/wp\/wp-json\/wp\/v2\/posts\/31896\/revisions\/31899"}],"wp:attachment":[{"href":"https:\/\/www.radiomoradebre.cat\/wp\/wp-json\/wp\/v2\/media?parent=31896"}],"wp:term":[{"taxonomy":"category","embeddable":true,"href":"https:\/\/www.radiomoradebre.cat\/wp\/wp-json\/wp\/v2\/categories?post=31896"},{"taxonomy":"post_tag","embeddable":true,"href":"https:\/\/www.radiomoradebre.cat\/wp\/wp-json\/wp\/v2\/tags?post=31896"}],"curies":[{"name":"wp","href":"https:\/\/api.w.org\/{rel}","templated":true}]}}