
{"id":31085,"date":"2018-01-30T11:42:49","date_gmt":"2018-01-30T10:42:49","guid":{"rendered":"http:\/\/radiomoradebre.cat\/wp\/?p=31085"},"modified":"2018-01-30T11:42:49","modified_gmt":"2018-01-30T10:42:49","slug":"lhospital-de-mora-debre-podria-gestionar-se-per-una-altra-empresa-publica-mentre-que-no-estigui-en-marxa-salut-terres-de-lebre","status":"publish","type":"post","link":"https:\/\/www.radiomoradebre.cat\/wp\/2018\/01\/30\/lhospital-de-mora-debre-podria-gestionar-se-per-una-altra-empresa-publica-mentre-que-no-estigui-en-marxa-salut-terres-de-lebre\/","title":{"rendered":"L&#8217;Hospital de M\u00f3ra d&#8217;Ebre podria gestionar-se per una altra empresa p\u00fablica mentre que no estigui en marxa Salut Terres de l&#8217;Ebre"},"content":{"rendered":"<p><em><b>Una empresa p\u00fablica del CatSalut podr\u00eda encarregar-se de la gesti\u00f3 de l\u2019Hospital Comarcal de M\u00f3ra d\u2019Ebre de forma provisional si Salut Terres de l\u2019Ebre encara no est\u00e0 operativa quan acabi el contracte de gesti\u00f3 amb GECOHSA. Seria una gesti\u00f3 de transici\u00f3 fins que no estigui llest tot l\u2019aparell de la nova empresa p\u00fablica, que s\u2019hauria de fer c\u00e0rrec de l\u2019Hospital a partir del 18 d\u2019abril.<\/b><\/em><\/p>\n<p>ANDREU PRUNERA<\/p>\n<p><a href=\"http:\/\/radiomoradebre.cat\/wp\/wp-content\/uploads\/2018\/01\/CRO-29-01-18-gestio-empresa.mp3\">CRO 29-01-18 gestio empresa<\/a><\/p>\n<p><a href=\"http:\/\/radiomoradebre.cat\/wp\/wp-content\/uploads\/2017\/03\/hospital-mora-debre.jpg\"><img loading=\"lazy\" decoding=\"async\" class=\"aligncenter size-medium wp-image-26818\" src=\"http:\/\/radiomoradebre.cat\/wp\/wp-content\/uploads\/2017\/03\/hospital-mora-debre-300x168.jpg\" alt=\"\" width=\"300\" height=\"168\" srcset=\"https:\/\/www.radiomoradebre.cat\/wp\/wp-content\/uploads\/2017\/03\/hospital-mora-debre-300x168.jpg 300w, https:\/\/www.radiomoradebre.cat\/wp\/wp-content\/uploads\/2017\/03\/hospital-mora-debre-768x431.jpg 768w, https:\/\/www.radiomoradebre.cat\/wp\/wp-content\/uploads\/2017\/03\/hospital-mora-debre.jpg 990w\" sizes=\"auto, (max-width: 300px) 100vw, 300px\" \/><\/a><\/p>\n","protected":false},"excerpt":{"rendered":"<p>Una empresa p\u00fablica del CatSalut podr\u00eda encarregar-se de la gesti\u00f3 de l\u2019Hospital Comarcal de M\u00f3ra d\u2019Ebre de forma provisional si Salut Terres de l\u2019Ebre encara no est\u00e0 operativa quan acabi el contracte de gesti\u00f3 amb GECOHSA. Seria una gesti\u00f3 de &hellip; <a href=\"https:\/\/www.radiomoradebre.cat\/wp\/2018\/01\/30\/lhospital-de-mora-debre-podria-gestionar-se-per-una-altra-empresa-publica-mentre-que-no-estigui-en-marxa-salut-terres-de-lebre\/\">Continue reading <span class=\"meta-nav\">&rarr;<\/span><\/a><\/p>\n","protected":false},"author":3,"featured_media":0,"comment_status":"closed","ping_status":"open","sticky":false,"template":"","format":"standard","meta":{"footnotes":""},"categories":[2],"tags":[35,255,1159,34,14549,57,882,12371],"class_list":["post-31085","post","type-post","status-publish","format-standard","hentry","category-noticies","tag-comite-dempresa","tag-generalitat","tag-hospital","tag-hospital-comarcal-de-mora-debre","tag-inma-martinez","tag-mora-debre","tag-salut","tag-salut-terres-de-lebre"],"_links":{"self":[{"href":"https:\/\/www.radiomoradebre.cat\/wp\/wp-json\/wp\/v2\/posts\/31085","targetHints":{"allow":["GET"]}}],"collection":[{"href":"https:\/\/www.radiomoradebre.cat\/wp\/wp-json\/wp\/v2\/posts"}],"about":[{"href":"https:\/\/www.radiomoradebre.cat\/wp\/wp-json\/wp\/v2\/types\/post"}],"author":[{"embeddable":true,"href":"https:\/\/www.radiomoradebre.cat\/wp\/wp-json\/wp\/v2\/users\/3"}],"replies":[{"embeddable":true,"href":"https:\/\/www.radiomoradebre.cat\/wp\/wp-json\/wp\/v2\/comments?post=31085"}],"version-history":[{"count":1,"href":"https:\/\/www.radiomoradebre.cat\/wp\/wp-json\/wp\/v2\/posts\/31085\/revisions"}],"predecessor-version":[{"id":31087,"href":"https:\/\/www.radiomoradebre.cat\/wp\/wp-json\/wp\/v2\/posts\/31085\/revisions\/31087"}],"wp:attachment":[{"href":"https:\/\/www.radiomoradebre.cat\/wp\/wp-json\/wp\/v2\/media?parent=31085"}],"wp:term":[{"taxonomy":"category","embeddable":true,"href":"https:\/\/www.radiomoradebre.cat\/wp\/wp-json\/wp\/v2\/categories?post=31085"},{"taxonomy":"post_tag","embeddable":true,"href":"https:\/\/www.radiomoradebre.cat\/wp\/wp-json\/wp\/v2\/tags?post=31085"}],"curies":[{"name":"wp","href":"https:\/\/api.w.org\/{rel}","templated":true}]}}