
{"id":30107,"date":"2017-11-24T14:48:45","date_gmt":"2017-11-24T13:48:45","guid":{"rendered":"http:\/\/radiomoradebre.cat\/wp\/?p=30107"},"modified":"2017-11-24T14:48:45","modified_gmt":"2017-11-24T13:48:45","slug":"avantmatx-cros-escolar-i-festa-circuit-curses-de-muntanya-24-11-17","status":"publish","type":"post","link":"https:\/\/www.radiomoradebre.cat\/wp\/2017\/11\/24\/avantmatx-cros-escolar-i-festa-circuit-curses-de-muntanya-24-11-17\/","title":{"rendered":"Avantmatx &#8211; Cros Escolar i Festa Circuit Curses de Muntanya (24-11-17)"},"content":{"rendered":"<p>AVANTMATX. Al programa d&#8217;aquest divendres amb Francesc Granell hem parlat del II Cros Escolar de la Ribera d&#8217;Ebre d&#8217;aquest 2017 que tindr\u00e0 lloc a l&#8217;Illa de Saur\u00ed de M\u00f3ra d&#8217;Ebre el diumenge 26 de novembre. Ens han acompanyat Albert Lleberia i Azahara Sanchez de les AMPES dels col\u00b7legis Llu\u00eds Vi\u00f1as i Santa Teresa. I amb Manel Sanahuja hem conversat sobre la festa de cloenda del Circuit de Curses de Muntanya de les Terres de l&#8217;Ebre, que tindr\u00e0 lloc aquest vespre a M\u00f3ra d&#8217;Ebre.<\/p>\n<p>ENTREVISTA CROS ESCOLAR<\/p>\n<p><a href=\"http:\/\/radiomoradebre.cat\/wp\/wp-content\/uploads\/2017\/11\/AVANTMATX-24-11-17-ALBERT-I-AZAHARA-CROS-ESCOLAR.mp3\">AVANTMATX 24-11-17 ALBERT I AZAHARA CROS ESCOLAR<\/a><\/p>\n<p>ENTREVISTA MANEL SANAHUJA<\/p>\n<p><a href=\"http:\/\/radiomoradebre.cat\/wp\/wp-content\/uploads\/2017\/11\/AVANTMATX-24-11-17-MANEL-SANAHUJA-CIRCUIT-CURSES-MUNTANYA-TTE.mp3\">AVANTMATX 24-11-17 MANEL SANAHUJA CIRCUIT CURSES MUNTANYA TTE<\/a><\/p>\n<p><a href=\"http:\/\/radiomoradebre.cat\/wp\/wp-content\/uploads\/2017\/11\/IMG_1340-e1511531140726.jpg\"><img loading=\"lazy\" decoding=\"async\" class=\"aligncenter size-medium wp-image-30109\" src=\"http:\/\/radiomoradebre.cat\/wp\/wp-content\/uploads\/2017\/11\/IMG_1340-e1511531140726-300x225.jpg\" alt=\"\" width=\"300\" height=\"225\" srcset=\"https:\/\/www.radiomoradebre.cat\/wp\/wp-content\/uploads\/2017\/11\/IMG_1340-e1511531140726-300x225.jpg 300w, https:\/\/www.radiomoradebre.cat\/wp\/wp-content\/uploads\/2017\/11\/IMG_1340-e1511531140726-768x576.jpg 768w, https:\/\/www.radiomoradebre.cat\/wp\/wp-content\/uploads\/2017\/11\/IMG_1340-e1511531140726-1024x768.jpg 1024w\" sizes=\"auto, (max-width: 300px) 100vw, 300px\" \/><\/a><\/p>\n","protected":false},"excerpt":{"rendered":"<p>AVANTMATX. Al programa d&#8217;aquest divendres amb Francesc Granell hem parlat del II Cros Escolar de la Ribera d&#8217;Ebre d&#8217;aquest 2017 que tindr\u00e0 lloc a l&#8217;Illa de Saur\u00ed de M\u00f3ra d&#8217;Ebre el diumenge 26 de novembre. Ens han acompanyat Albert Lleberia &hellip; <a href=\"https:\/\/www.radiomoradebre.cat\/wp\/2017\/11\/24\/avantmatx-cros-escolar-i-festa-circuit-curses-de-muntanya-24-11-17\/\">Continue reading <span class=\"meta-nav\">&rarr;<\/span><\/a><\/p>\n","protected":false},"author":3,"featured_media":0,"comment_status":"closed","ping_status":"open","sticky":false,"template":"","format":"standard","meta":{"footnotes":""},"categories":[12],"tags":[2663,3220,13863,13864,5504,12684,6194,13866,5761,4315,10082,13865,6192,13867,5411,1368,7505,3581,1265,2380,1354,13868],"class_list":["post-30107","post","type-post","status-publish","format-standard","hentry","category-horamoradebre","tag-adriana-monclus","tag-albert-lleberia","tag-ampa-lluis-vinas","tag-ampa-santa-teresa","tag-avantmatx","tag-azahara-sanchez","tag-canicros","tag-circuit-curses-de-muntanya-terres-de-lebre","tag-circuit-de-curses-de-muntanya-de-les-terres-de-lebre","tag-collegi-santa-teresa","tag-cros-escolar","tag-cros-escolar-ribera-debre","tag-curses-de-muntanya-de-les-terres-de-lebre","tag-curses-muntanya","tag-escola-lluis-vinas","tag-esport","tag-esport-escolar","tag-francesc-granell","tag-futbol","tag-futbol-sala","tag-handbol","tag-manel-sanahuja"],"_links":{"self":[{"href":"https:\/\/www.radiomoradebre.cat\/wp\/wp-json\/wp\/v2\/posts\/30107","targetHints":{"allow":["GET"]}}],"collection":[{"href":"https:\/\/www.radiomoradebre.cat\/wp\/wp-json\/wp\/v2\/posts"}],"about":[{"href":"https:\/\/www.radiomoradebre.cat\/wp\/wp-json\/wp\/v2\/types\/post"}],"author":[{"embeddable":true,"href":"https:\/\/www.radiomoradebre.cat\/wp\/wp-json\/wp\/v2\/users\/3"}],"replies":[{"embeddable":true,"href":"https:\/\/www.radiomoradebre.cat\/wp\/wp-json\/wp\/v2\/comments?post=30107"}],"version-history":[{"count":1,"href":"https:\/\/www.radiomoradebre.cat\/wp\/wp-json\/wp\/v2\/posts\/30107\/revisions"}],"predecessor-version":[{"id":30111,"href":"https:\/\/www.radiomoradebre.cat\/wp\/wp-json\/wp\/v2\/posts\/30107\/revisions\/30111"}],"wp:attachment":[{"href":"https:\/\/www.radiomoradebre.cat\/wp\/wp-json\/wp\/v2\/media?parent=30107"}],"wp:term":[{"taxonomy":"category","embeddable":true,"href":"https:\/\/www.radiomoradebre.cat\/wp\/wp-json\/wp\/v2\/categories?post=30107"},{"taxonomy":"post_tag","embeddable":true,"href":"https:\/\/www.radiomoradebre.cat\/wp\/wp-json\/wp\/v2\/tags?post=30107"}],"curies":[{"name":"wp","href":"https:\/\/api.w.org\/{rel}","templated":true}]}}