
{"id":30082,"date":"2017-11-23T13:23:34","date_gmt":"2017-11-23T12:23:34","guid":{"rendered":"http:\/\/radiomoradebre.cat\/wp\/?p=30082"},"modified":"2017-11-23T13:23:34","modified_gmt":"2017-11-23T12:23:34","slug":"avui-que-cuinem-ametlla-amb-miquel-angel-roc-23-11-17","status":"publish","type":"post","link":"https:\/\/www.radiomoradebre.cat\/wp\/2017\/11\/23\/avui-que-cuinem-ametlla-amb-miquel-angel-roc-23-11-17\/","title":{"rendered":"Avui qu\u00e8 cuinem? ametlla amb Miquel \u00c0ngel Roc (23-11-17)"},"content":{"rendered":"<p>AVUI QU\u00c8 CUINEM? Al programa d&#8217;aquesta setmana hem cuinat ametlla amb la companyia de Miquel \u00c0ngel Roc de la Cooperativa de La Pobla de Massaluca. La Magda i l&#8217;Agustina ens han explicat com es fan les ametlles garrapinyades i la &#8220;tarta de Santiago&#8221;.<\/p>\n<p><a href=\"http:\/\/radiomoradebre.cat\/wp\/wp-content\/uploads\/2017\/11\/AVUI-CUINEM-23-11-17-MIQUEL-ANGEL-ROC-AMETLLA-LA-POBLA.mp3\">AVUI CUINEM 23-11-17 MIQUEL ANGEL ROC AMETLLA LA POBLA<\/a><\/p>\n<p><a href=\"http:\/\/radiomoradebre.cat\/wp\/wp-content\/uploads\/2017\/11\/IMG_1333.jpg\"><img loading=\"lazy\" decoding=\"async\" class=\"aligncenter size-medium wp-image-30088\" src=\"http:\/\/radiomoradebre.cat\/wp\/wp-content\/uploads\/2017\/11\/IMG_1333-300x196.jpg\" alt=\"\" width=\"300\" height=\"196\" srcset=\"https:\/\/www.radiomoradebre.cat\/wp\/wp-content\/uploads\/2017\/11\/IMG_1333-300x196.jpg 300w, https:\/\/www.radiomoradebre.cat\/wp\/wp-content\/uploads\/2017\/11\/IMG_1333-768x502.jpg 768w, https:\/\/www.radiomoradebre.cat\/wp\/wp-content\/uploads\/2017\/11\/IMG_1333-1024x669.jpg 1024w\" sizes=\"auto, (max-width: 300px) 100vw, 300px\" \/><\/a><\/p>\n","protected":false},"excerpt":{"rendered":"<p>AVUI QU\u00c8 CUINEM? Al programa d&#8217;aquesta setmana hem cuinat ametlla amb la companyia de Miquel \u00c0ngel Roc de la Cooperativa de La Pobla de Massaluca. La Magda i l&#8217;Agustina ens han explicat com es fan les ametlles garrapinyades i la &hellip; <a href=\"https:\/\/www.radiomoradebre.cat\/wp\/2017\/11\/23\/avui-que-cuinem-ametlla-amb-miquel-angel-roc-23-11-17\/\">Continue reading <span class=\"meta-nav\">&rarr;<\/span><\/a><\/p>\n","protected":false},"author":3,"featured_media":0,"comment_status":"closed","ping_status":"open","sticky":false,"template":"","format":"standard","meta":{"footnotes":""},"categories":[12],"tags":[1095,12121,7039,13842,8892,8645,13843,13841,13840,10575,13845,1708,3805,13839,2538,13844,26,1096],"class_list":["post-30082","post","type-post","status-publish","format-standard","hentry","category-horamoradebre","tag-agricultura","tag-agustina-perez","tag-ametlla","tag-ametlles-garrapinyades","tag-avui-cuinem","tag-avui-que-cuinem","tag-capsetes","tag-caterra","tag-caterra-pobla","tag-cooperativa-de-la-pobla-de-massaluca","tag-festa-ametla-la-pobla","tag-la-pobla-de-massaluca","tag-magda-bonavida","tag-miquel-angel-roc","tag-oliva","tag-tarta-de-santiago","tag-terra-alta","tag-vinya"],"_links":{"self":[{"href":"https:\/\/www.radiomoradebre.cat\/wp\/wp-json\/wp\/v2\/posts\/30082","targetHints":{"allow":["GET"]}}],"collection":[{"href":"https:\/\/www.radiomoradebre.cat\/wp\/wp-json\/wp\/v2\/posts"}],"about":[{"href":"https:\/\/www.radiomoradebre.cat\/wp\/wp-json\/wp\/v2\/types\/post"}],"author":[{"embeddable":true,"href":"https:\/\/www.radiomoradebre.cat\/wp\/wp-json\/wp\/v2\/users\/3"}],"replies":[{"embeddable":true,"href":"https:\/\/www.radiomoradebre.cat\/wp\/wp-json\/wp\/v2\/comments?post=30082"}],"version-history":[{"count":1,"href":"https:\/\/www.radiomoradebre.cat\/wp\/wp-json\/wp\/v2\/posts\/30082\/revisions"}],"predecessor-version":[{"id":30090,"href":"https:\/\/www.radiomoradebre.cat\/wp\/wp-json\/wp\/v2\/posts\/30082\/revisions\/30090"}],"wp:attachment":[{"href":"https:\/\/www.radiomoradebre.cat\/wp\/wp-json\/wp\/v2\/media?parent=30082"}],"wp:term":[{"taxonomy":"category","embeddable":true,"href":"https:\/\/www.radiomoradebre.cat\/wp\/wp-json\/wp\/v2\/categories?post=30082"},{"taxonomy":"post_tag","embeddable":true,"href":"https:\/\/www.radiomoradebre.cat\/wp\/wp-json\/wp\/v2\/tags?post=30082"}],"curies":[{"name":"wp","href":"https:\/\/api.w.org\/{rel}","templated":true}]}}