
{"id":30071,"date":"2017-11-22T20:00:58","date_gmt":"2017-11-22T19:00:58","guid":{"rendered":"http:\/\/radiomoradebre.cat\/wp\/?p=30071"},"modified":"2017-11-22T20:00:58","modified_gmt":"2017-11-22T19:00:58","slug":"detinguts-per-robar-en-una-empresa-a-flix","status":"publish","type":"post","link":"https:\/\/www.radiomoradebre.cat\/wp\/2017\/11\/22\/detinguts-per-robar-en-una-empresa-a-flix\/","title":{"rendered":"Detinguts per robar en una empresa a Flix"},"content":{"rendered":"<p><em><b>Els Mossos d\u2019Esquadra han detingut dos homes com a pressumptes autors d\u2019un robatori amb for\u00e7a en una empresa de subministraments agr\u00edcoles a Flix. Els detinguts, de nacionalitat romanesa i tamb\u00e9 ve\u00efns de Flix s\u2019haurien emportat fins a 21.000 euros en maquin\u00e0ria.<\/b><\/em><\/p>\n<p>ANDREU PRUNERA<\/p>\n<p><a href=\"http:\/\/radiomoradebre.cat\/wp\/wp-content\/uploads\/2017\/11\/CRO-22-11-17-empresa-flix.mp3\">CRO 22-11-17 empresa flix<\/a><\/p>\n<p><a href=\"http:\/\/radiomoradebre.cat\/wp\/wp-content\/uploads\/2017\/11\/foto_3284362_crop1511286357780.jpg_525981578.jpg\"><img loading=\"lazy\" decoding=\"async\" class=\"aligncenter size-medium wp-image-30073\" src=\"http:\/\/radiomoradebre.cat\/wp\/wp-content\/uploads\/2017\/11\/foto_3284362_crop1511286357780.jpg_525981578-300x167.jpg\" alt=\"\" width=\"300\" height=\"167\" srcset=\"https:\/\/www.radiomoradebre.cat\/wp\/wp-content\/uploads\/2017\/11\/foto_3284362_crop1511286357780.jpg_525981578-300x167.jpg 300w, https:\/\/www.radiomoradebre.cat\/wp\/wp-content\/uploads\/2017\/11\/foto_3284362_crop1511286357780.jpg_525981578-768x428.jpg 768w, https:\/\/www.radiomoradebre.cat\/wp\/wp-content\/uploads\/2017\/11\/foto_3284362_crop1511286357780.jpg_525981578.jpg 790w\" sizes=\"auto, (max-width: 300px) 100vw, 300px\" \/><\/a><\/p>\n","protected":false},"excerpt":{"rendered":"<p>Els Mossos d\u2019Esquadra han detingut dos homes com a pressumptes autors d\u2019un robatori amb for\u00e7a en una empresa de subministraments agr\u00edcoles a Flix. Els detinguts, de nacionalitat romanesa i tamb\u00e9 ve\u00efns de Flix s\u2019haurien emportat fins a 21.000 euros en &hellip; <a href=\"https:\/\/www.radiomoradebre.cat\/wp\/2017\/11\/22\/detinguts-per-robar-en-una-empresa-a-flix\/\">Continue reading <span class=\"meta-nav\">&rarr;<\/span><\/a><\/p>\n","protected":false},"author":3,"featured_media":0,"comment_status":"closed","ping_status":"open","sticky":false,"template":"","format":"standard","meta":{"footnotes":""},"categories":[2],"tags":[93,13836,3619,226,13835,391,3727],"class_list":["post-30071","post","type-post","status-publish","format-standard","hentry","category-noticies","tag-flix","tag-furt","tag-jutjats","tag-mossos-desquadra","tag-motoserres","tag-robatori","tag-successos"],"_links":{"self":[{"href":"https:\/\/www.radiomoradebre.cat\/wp\/wp-json\/wp\/v2\/posts\/30071","targetHints":{"allow":["GET"]}}],"collection":[{"href":"https:\/\/www.radiomoradebre.cat\/wp\/wp-json\/wp\/v2\/posts"}],"about":[{"href":"https:\/\/www.radiomoradebre.cat\/wp\/wp-json\/wp\/v2\/types\/post"}],"author":[{"embeddable":true,"href":"https:\/\/www.radiomoradebre.cat\/wp\/wp-json\/wp\/v2\/users\/3"}],"replies":[{"embeddable":true,"href":"https:\/\/www.radiomoradebre.cat\/wp\/wp-json\/wp\/v2\/comments?post=30071"}],"version-history":[{"count":1,"href":"https:\/\/www.radiomoradebre.cat\/wp\/wp-json\/wp\/v2\/posts\/30071\/revisions"}],"predecessor-version":[{"id":30074,"href":"https:\/\/www.radiomoradebre.cat\/wp\/wp-json\/wp\/v2\/posts\/30071\/revisions\/30074"}],"wp:attachment":[{"href":"https:\/\/www.radiomoradebre.cat\/wp\/wp-json\/wp\/v2\/media?parent=30071"}],"wp:term":[{"taxonomy":"category","embeddable":true,"href":"https:\/\/www.radiomoradebre.cat\/wp\/wp-json\/wp\/v2\/categories?post=30071"},{"taxonomy":"post_tag","embeddable":true,"href":"https:\/\/www.radiomoradebre.cat\/wp\/wp-json\/wp\/v2\/tags?post=30071"}],"curies":[{"name":"wp","href":"https:\/\/api.w.org\/{rel}","templated":true}]}}