
{"id":29981,"date":"2017-11-17T15:37:44","date_gmt":"2017-11-17T14:37:44","guid":{"rendered":"http:\/\/radiomoradebre.cat\/wp\/?p=29981"},"modified":"2017-11-17T15:37:44","modified_gmt":"2017-11-17T14:37:44","slug":"el-temps-dinfermeria-al-curs-dinfermeria-quirurgica-de-les-terres-de-lebre","status":"publish","type":"post","link":"https:\/\/www.radiomoradebre.cat\/wp\/2017\/11\/17\/el-temps-dinfermeria-al-curs-dinfermeria-quirurgica-de-les-terres-de-lebre\/","title":{"rendered":"El temps d\u2019infermeria al curs d\u2019infermeria quir\u00fargica de les Terres de l\u2019Ebre."},"content":{"rendered":"<p><em><b><span lang=\"CA\">El programa Temps d\u2019Infermeria de R\u00e0dio M\u00f3ra d\u2019Ebre SER es presenta com un exemple al 7\u00e8 Curs d\u2019Infermeria Quir\u00fargica de les Terres de l\u2019Ebre que tindr\u00e0 lloc avui divendres i dem\u00e0 dissabte a Tortosa.<\/span><\/b><\/em><\/p>\n<p>ADRIANA MONCL\u00daS<\/p>\n<p><a href=\"http:\/\/radiomoradebre.cat\/wp\/wp-content\/uploads\/2017\/11\/CRO-17-11-17-TEMPS-INFERMERIA-JORNADES-INFERMERIA-QUIRURGICA.mp3\">CRO 17-11-17 TEMPS INFERMERIA JORNADES INFERMERIA QUIRURGICA<\/a><\/p>\n<p><a href=\"http:\/\/radiomoradebre.cat\/wp\/wp-content\/uploads\/2017\/02\/IMG_3388.jpg\"><img loading=\"lazy\" decoding=\"async\" class=\"aligncenter size-medium wp-image-25914\" src=\"http:\/\/radiomoradebre.cat\/wp\/wp-content\/uploads\/2017\/02\/IMG_3388-300x225.jpg\" alt=\"\" width=\"300\" height=\"225\" srcset=\"https:\/\/www.radiomoradebre.cat\/wp\/wp-content\/uploads\/2017\/02\/IMG_3388-300x225.jpg 300w, https:\/\/www.radiomoradebre.cat\/wp\/wp-content\/uploads\/2017\/02\/IMG_3388-768x576.jpg 768w, https:\/\/www.radiomoradebre.cat\/wp\/wp-content\/uploads\/2017\/02\/IMG_3388-1024x768.jpg 1024w\" sizes=\"auto, (max-width: 300px) 100vw, 300px\" \/><\/a><\/p>\n","protected":false},"excerpt":{"rendered":"<p>El programa Temps d\u2019Infermeria de R\u00e0dio M\u00f3ra d\u2019Ebre SER es presenta com un exemple al 7\u00e8 Curs d\u2019Infermeria Quir\u00fargica de les Terres de l\u2019Ebre que tindr\u00e0 lloc avui divendres i dem\u00e0 dissabte a Tortosa. ADRIANA MONCL\u00daS CRO 17-11-17 TEMPS INFERMERIA &hellip; <a href=\"https:\/\/www.radiomoradebre.cat\/wp\/2017\/11\/17\/el-temps-dinfermeria-al-curs-dinfermeria-quirurgica-de-les-terres-de-lebre\/\">Continue reading <span class=\"meta-nav\">&rarr;<\/span><\/a><\/p>\n","protected":false},"author":3,"featured_media":0,"comment_status":"closed","ping_status":"open","sticky":false,"template":"","format":"standard","meta":{"footnotes":""},"categories":[2],"tags":[12984,13712,1479,10388,10389,10386,13713,10390,13716,13714,7526,10387,10882],"class_list":["post-29981","post","type-post","status-publish","format-standard","hentry","category-noticies","tag-aparcament-hospital-mora-debre","tag-curs-infermeria-quirurgica-terres-de-lebre","tag-hospital-comarcal-mora-debre","tag-infermer","tag-infermera","tag-infermeria","tag-infermeria-quirurgica","tag-infermers","tag-infermers-hospital-mora-debre","tag-jornades-infermeria-quirurgica-terres-de-lebre","tag-pilar-vallano","tag-temps-dinfermeria","tag-temps-infermeria"],"_links":{"self":[{"href":"https:\/\/www.radiomoradebre.cat\/wp\/wp-json\/wp\/v2\/posts\/29981","targetHints":{"allow":["GET"]}}],"collection":[{"href":"https:\/\/www.radiomoradebre.cat\/wp\/wp-json\/wp\/v2\/posts"}],"about":[{"href":"https:\/\/www.radiomoradebre.cat\/wp\/wp-json\/wp\/v2\/types\/post"}],"author":[{"embeddable":true,"href":"https:\/\/www.radiomoradebre.cat\/wp\/wp-json\/wp\/v2\/users\/3"}],"replies":[{"embeddable":true,"href":"https:\/\/www.radiomoradebre.cat\/wp\/wp-json\/wp\/v2\/comments?post=29981"}],"version-history":[{"count":1,"href":"https:\/\/www.radiomoradebre.cat\/wp\/wp-json\/wp\/v2\/posts\/29981\/revisions"}],"predecessor-version":[{"id":29983,"href":"https:\/\/www.radiomoradebre.cat\/wp\/wp-json\/wp\/v2\/posts\/29981\/revisions\/29983"}],"wp:attachment":[{"href":"https:\/\/www.radiomoradebre.cat\/wp\/wp-json\/wp\/v2\/media?parent=29981"}],"wp:term":[{"taxonomy":"category","embeddable":true,"href":"https:\/\/www.radiomoradebre.cat\/wp\/wp-json\/wp\/v2\/categories?post=29981"},{"taxonomy":"post_tag","embeddable":true,"href":"https:\/\/www.radiomoradebre.cat\/wp\/wp-json\/wp\/v2\/tags?post=29981"}],"curies":[{"name":"wp","href":"https:\/\/api.w.org\/{rel}","templated":true}]}}