
{"id":29854,"date":"2017-11-07T18:54:39","date_gmt":"2017-11-07T17:54:39","guid":{"rendered":"http:\/\/radiomoradebre.cat\/wp\/?p=29854"},"modified":"2017-11-07T18:54:39","modified_gmt":"2017-11-07T17:54:39","slug":"lagencia-de-residus-troba-tres-punts-contaminats-fora-del-recinte-industrial-dercros-a-flix","status":"publish","type":"post","link":"https:\/\/www.radiomoradebre.cat\/wp\/2017\/11\/07\/lagencia-de-residus-troba-tres-punts-contaminats-fora-del-recinte-industrial-dercros-a-flix\/","title":{"rendered":"L&#8217;Ag\u00e8ncia de Residus troba tres punts contaminats fora del recinte industrial d&#8217;Ercros a Flix"},"content":{"rendered":"<p><em><strong>L\u2019Ag\u00e8ncia de Residus de Catalunya constata que hi ha tres punts contaminats a Flix, fora del recinte industrial d\u2019Ercros i un altre dins dels terrenys de la factoria. La Generalitat ja ha instat a l\u2019empresa a fer un estudi exhaustiu d\u2019aquests terrenys i despr\u00e9s ser\u00e0 una comissi\u00f3 d\u2019experts independents qui decidir\u00e0 el tractament que s\u2019ha de fer en cada empla\u00e7ament.<\/strong><\/em><\/p>\n<p><em><strong>L\u2019Ag\u00e8ncia de Residus ha localitzat tres indrets a Flix amb concentracions de qu\u00edmics per sobre dels nivells de ref\u00e8ncia. S\u00f3n tres dels cinc punts que a principis d\u2019anys alguns extreballadors d\u2019Ercros van assenyalar com a \u00a0llocs on s\u2019havien produit abocaments qu\u00edmics en les \u00faltimes d\u00e8cades. Ara, Ercros finan\u00e7ar\u00e0 un estudi t\u00e8cnic en cadascun d\u2019aquests punts i despr\u00e9s ser\u00e0 la comissi\u00f3 d\u2019experts de la descontaminaci\u00f3 de Flix qui dictaminar\u00e0 les accions que s\u2019hauran de prendre en funci\u00f3 dels resultats.<\/strong><\/em><\/p>\n<p>ANDREU PRUNERA<\/p>\n<p><a href=\"http:\/\/radiomoradebre.cat\/wp\/wp-content\/uploads\/2017\/11\/CRO-07-11-17-puntscontaminats.mp3\">CRO 07-11-17 puntscontaminats<\/a><\/p>\n<p><a href=\"http:\/\/radiomoradebre.cat\/wp\/wp-content\/uploads\/2016\/06\/Descontaminaci\u00f3_Pant\u00e0_Flix_1.jpg\"><img loading=\"lazy\" decoding=\"async\" class=\"aligncenter size-medium wp-image-22385\" src=\"http:\/\/radiomoradebre.cat\/wp\/wp-content\/uploads\/2016\/06\/Descontaminaci\u00f3_Pant\u00e0_Flix_1-300x225.jpg\" alt=\"\" width=\"300\" height=\"225\" srcset=\"https:\/\/www.radiomoradebre.cat\/wp\/wp-content\/uploads\/2016\/06\/Descontaminaci\u00f3_Pant\u00e0_Flix_1-300x225.jpg 300w, https:\/\/www.radiomoradebre.cat\/wp\/wp-content\/uploads\/2016\/06\/Descontaminaci\u00f3_Pant\u00e0_Flix_1-768x576.jpg 768w, https:\/\/www.radiomoradebre.cat\/wp\/wp-content\/uploads\/2016\/06\/Descontaminaci\u00f3_Pant\u00e0_Flix_1-1024x768.jpg 1024w\" sizes=\"auto, (max-width: 300px) 100vw, 300px\" \/><\/a><\/p>\n","protected":false},"excerpt":{"rendered":"<p>L\u2019Ag\u00e8ncia de Residus de Catalunya constata que hi ha tres punts contaminats a Flix, fora del recinte industrial d\u2019Ercros i un altre dins dels terrenys de la factoria. La Generalitat ja ha instat a l\u2019empresa a fer un estudi exhaustiu &hellip; <a href=\"https:\/\/www.radiomoradebre.cat\/wp\/2017\/11\/07\/lagencia-de-residus-troba-tres-punts-contaminats-fora-del-recinte-industrial-dercros-a-flix\/\">Continue reading <span class=\"meta-nav\">&rarr;<\/span><\/a><\/p>\n","protected":false},"author":3,"featured_media":0,"comment_status":"closed","ping_status":"open","sticky":false,"template":"","format":"standard","meta":{"footnotes":""},"categories":[2],"tags":[5816,143,13563,94,93,302,300],"class_list":["post-29854","post","type-post","status-publish","format-standard","hentry","category-noticies","tag-agencia-de-residus-de-catalunya","tag-contaminacio","tag-descontaminacioc","tag-ercros","tag-flix","tag-francesc-barbero","tag-medi-ambient"],"_links":{"self":[{"href":"https:\/\/www.radiomoradebre.cat\/wp\/wp-json\/wp\/v2\/posts\/29854","targetHints":{"allow":["GET"]}}],"collection":[{"href":"https:\/\/www.radiomoradebre.cat\/wp\/wp-json\/wp\/v2\/posts"}],"about":[{"href":"https:\/\/www.radiomoradebre.cat\/wp\/wp-json\/wp\/v2\/types\/post"}],"author":[{"embeddable":true,"href":"https:\/\/www.radiomoradebre.cat\/wp\/wp-json\/wp\/v2\/users\/3"}],"replies":[{"embeddable":true,"href":"https:\/\/www.radiomoradebre.cat\/wp\/wp-json\/wp\/v2\/comments?post=29854"}],"version-history":[{"count":1,"href":"https:\/\/www.radiomoradebre.cat\/wp\/wp-json\/wp\/v2\/posts\/29854\/revisions"}],"predecessor-version":[{"id":29856,"href":"https:\/\/www.radiomoradebre.cat\/wp\/wp-json\/wp\/v2\/posts\/29854\/revisions\/29856"}],"wp:attachment":[{"href":"https:\/\/www.radiomoradebre.cat\/wp\/wp-json\/wp\/v2\/media?parent=29854"}],"wp:term":[{"taxonomy":"category","embeddable":true,"href":"https:\/\/www.radiomoradebre.cat\/wp\/wp-json\/wp\/v2\/categories?post=29854"},{"taxonomy":"post_tag","embeddable":true,"href":"https:\/\/www.radiomoradebre.cat\/wp\/wp-json\/wp\/v2\/tags?post=29854"}],"curies":[{"name":"wp","href":"https:\/\/api.w.org\/{rel}","templated":true}]}}