
{"id":29354,"date":"2017-10-09T12:48:04","date_gmt":"2017-10-09T10:48:04","guid":{"rendered":"http:\/\/radiomoradebre.cat\/wp\/?p=29354"},"modified":"2017-10-09T12:48:04","modified_gmt":"2017-10-09T10:48:04","slug":"demanen-precaucio-perque-lelevat-risc-dincendi-es-mante","status":"publish","type":"post","link":"https:\/\/www.radiomoradebre.cat\/wp\/2017\/10\/09\/demanen-precaucio-perque-lelevat-risc-dincendi-es-mante\/","title":{"rendered":"Demanen precauci\u00f3 perqu\u00e8 l&#8217;elevat risc d&#8217;incendi es mant\u00e9"},"content":{"rendered":"<p><em><strong>Els Bombers i els Agents Rurals han fet una crida a extremar la precauci\u00f3 a les Terres de l\u2019Ebre davant l\u2019elevat risc d\u2019incendi forestal, que es mant\u00e9 tot i l\u2019acabament de l\u2019estiu i a l\u2019espera de l\u2019arribada de nous episodis de pluja. De totes maneres, la campanya forestal d\u2019estiu s\u2019ha tancat amb bons resultats, amb un n\u00famero baix d\u2019hect\u00e0rees cremades. Ha hagut 35 incendis forestals a l\u2019Ebre, amb un total de 121 hect\u00e0rees afectades.<\/strong><\/em><\/p>\n<p><em><b>Aquest estiu no ha estat un any de grans incendis a la Ribera d\u2019Ebre ni a la Terra Alta. S\u2019han detectat set focs a la Ribera d\u2019Ebre, amb nom\u00e9s una hect\u00e0rea i mitja cremada en total. A la Terra Alta se n\u2019han detectat sis, i s\u2019ha cremat poc m\u00e9s d\u2019una hect\u00e0rea.<\/b><\/em><\/p>\n<p>R\u00c0DIO EBRE &#8211; CADENA SER<\/p>\n<p><a href=\"http:\/\/radiomoradebre.cat\/wp\/wp-content\/uploads\/2017\/10\/CRO-09-10-17-incendis.mp3\">CRO 09-10-17 incendis<\/a><\/p>\n<p><a href=\"http:\/\/radiomoradebre.cat\/wp\/wp-content\/uploads\/2017\/10\/maxresdefault-2.jpg\"><img loading=\"lazy\" decoding=\"async\" class=\"aligncenter size-medium wp-image-29356\" src=\"http:\/\/radiomoradebre.cat\/wp\/wp-content\/uploads\/2017\/10\/maxresdefault-2-300x169.jpg\" alt=\"\" width=\"300\" height=\"169\" srcset=\"https:\/\/www.radiomoradebre.cat\/wp\/wp-content\/uploads\/2017\/10\/maxresdefault-2-300x169.jpg 300w, https:\/\/www.radiomoradebre.cat\/wp\/wp-content\/uploads\/2017\/10\/maxresdefault-2-768x432.jpg 768w, https:\/\/www.radiomoradebre.cat\/wp\/wp-content\/uploads\/2017\/10\/maxresdefault-2-1024x576.jpg 1024w, https:\/\/www.radiomoradebre.cat\/wp\/wp-content\/uploads\/2017\/10\/maxresdefault-2.jpg 1280w\" sizes=\"auto, (max-width: 300px) 100vw, 300px\" \/><\/a><\/p>\n","protected":false},"excerpt":{"rendered":"<p>Els Bombers i els Agents Rurals han fet una crida a extremar la precauci\u00f3 a les Terres de l\u2019Ebre davant l\u2019elevat risc d\u2019incendi forestal, que es mant\u00e9 tot i l\u2019acabament de l\u2019estiu i a l\u2019espera de l\u2019arribada de nous episodis &hellip; <a href=\"https:\/\/www.radiomoradebre.cat\/wp\/2017\/10\/09\/demanen-precaucio-perque-lelevat-risc-dincendi-es-mante\/\">Continue reading <span class=\"meta-nav\">&rarr;<\/span><\/a><\/p>\n","protected":false},"author":3,"featured_media":0,"comment_status":"closed","ping_status":"open","sticky":false,"template":"","format":"standard","meta":{"footnotes":""},"categories":[2],"tags":[4136,412,3259,1725,1483,398,7607,270],"class_list":["post-29354","post","type-post","status-publish","format-standard","hentry","category-noticies","tag-agents-rurals","tag-bombers","tag-bombers-de-la-generalitat","tag-cos-dagents-rurals","tag-focs","tag-incendis","tag-miquel-angel-garcia","tag-terres-de-lebre"],"_links":{"self":[{"href":"https:\/\/www.radiomoradebre.cat\/wp\/wp-json\/wp\/v2\/posts\/29354","targetHints":{"allow":["GET"]}}],"collection":[{"href":"https:\/\/www.radiomoradebre.cat\/wp\/wp-json\/wp\/v2\/posts"}],"about":[{"href":"https:\/\/www.radiomoradebre.cat\/wp\/wp-json\/wp\/v2\/types\/post"}],"author":[{"embeddable":true,"href":"https:\/\/www.radiomoradebre.cat\/wp\/wp-json\/wp\/v2\/users\/3"}],"replies":[{"embeddable":true,"href":"https:\/\/www.radiomoradebre.cat\/wp\/wp-json\/wp\/v2\/comments?post=29354"}],"version-history":[{"count":1,"href":"https:\/\/www.radiomoradebre.cat\/wp\/wp-json\/wp\/v2\/posts\/29354\/revisions"}],"predecessor-version":[{"id":29357,"href":"https:\/\/www.radiomoradebre.cat\/wp\/wp-json\/wp\/v2\/posts\/29354\/revisions\/29357"}],"wp:attachment":[{"href":"https:\/\/www.radiomoradebre.cat\/wp\/wp-json\/wp\/v2\/media?parent=29354"}],"wp:term":[{"taxonomy":"category","embeddable":true,"href":"https:\/\/www.radiomoradebre.cat\/wp\/wp-json\/wp\/v2\/categories?post=29354"},{"taxonomy":"post_tag","embeddable":true,"href":"https:\/\/www.radiomoradebre.cat\/wp\/wp-json\/wp\/v2\/tags?post=29354"}],"curies":[{"name":"wp","href":"https:\/\/api.w.org\/{rel}","templated":true}]}}