
{"id":29301,"date":"2017-10-05T19:05:11","date_gmt":"2017-10-05T17:05:11","guid":{"rendered":"http:\/\/radiomoradebre.cat\/wp\/?p=29301"},"modified":"2017-10-05T19:05:11","modified_gmt":"2017-10-05T17:05:11","slug":"pallares-renunciara-a-lalcaldia-darnes-en-pocs-dies","status":"publish","type":"post","link":"https:\/\/www.radiomoradebre.cat\/wp\/2017\/10\/05\/pallares-renunciara-a-lalcaldia-darnes-en-pocs-dies\/","title":{"rendered":"Pallar\u00e9s renunciar\u00e0 a l&#8217;alcaldia d&#8217;Arnes en pocs dies"},"content":{"rendered":"<p><em><strong>El delegat del govern a les Terres de l\u2019Ebre, Xavier Pallar\u00e9s, deixar\u00e0 l\u2019alcaldia d\u2019Arnes en els propers dies, despr\u00e9s de 22 anys al capdavant de l\u2019Ajuntament.\u00a0<\/strong><\/em><\/p>\n<p><em><strong>Pallar\u00e9s tamb\u00e9 renunciar\u00e0 a la seua acta de regidor i est\u00e0 previst que sigui la primera tinent d\u2019alcalde, Sara Gil, la nova alcadessa del municipi durant el que resta de la legislatura.<\/strong><\/em><\/p>\n<p><em><strong>Xavier Pallar\u00e9s \u00e9s alcalde d\u2019Arnes des de l\u2019any 1995. Tamb\u00e9 va ser president del Consell Comarcal de la Terra Alta entre el 1999 i el 2006, i diputat al Parlament de Catalunya per Converg\u00e8ncia i Uni\u00f3 entre el 2006 i el 2010.<\/strong><\/em><\/p>\n<p>ANDREU PRUNERA<\/p>\n<p><a href=\"http:\/\/radiomoradebre.cat\/wp\/wp-content\/uploads\/2017\/10\/CRO-05-10-17-pallares.mp3\">CRO 05-10-17 pallares<\/a><\/p>\n<p><a href=\"http:\/\/radiomoradebre.cat\/wp\/wp-content\/uploads\/2015\/11\/ENTREVISTA-XAVIER-PALLARES-27-11-15-SER-EBRE-I-RADIO-M\u00d3RA.jpg\"><img loading=\"lazy\" decoding=\"async\" class=\"aligncenter size-medium wp-image-18812\" src=\"http:\/\/radiomoradebre.cat\/wp\/wp-content\/uploads\/2015\/11\/ENTREVISTA-XAVIER-PALLARES-27-11-15-SER-EBRE-I-RADIO-M\u00d3RA-300x225.jpg\" alt=\"\" width=\"300\" height=\"225\" srcset=\"https:\/\/www.radiomoradebre.cat\/wp\/wp-content\/uploads\/2015\/11\/ENTREVISTA-XAVIER-PALLARES-27-11-15-SER-EBRE-I-RADIO-M\u00d3RA-300x225.jpg 300w, https:\/\/www.radiomoradebre.cat\/wp\/wp-content\/uploads\/2015\/11\/ENTREVISTA-XAVIER-PALLARES-27-11-15-SER-EBRE-I-RADIO-M\u00d3RA-1024x768.jpg 1024w\" sizes=\"auto, (max-width: 300px) 100vw, 300px\" \/><\/a><\/p>\n","protected":false},"excerpt":{"rendered":"<p>El delegat del govern a les Terres de l\u2019Ebre, Xavier Pallar\u00e9s, deixar\u00e0 l\u2019alcaldia d\u2019Arnes en els propers dies, despr\u00e9s de 22 anys al capdavant de l\u2019Ajuntament.\u00a0 Pallar\u00e9s tamb\u00e9 renunciar\u00e0 a la seua acta de regidor i est\u00e0 previst que sigui &hellip; <a href=\"https:\/\/www.radiomoradebre.cat\/wp\/2017\/10\/05\/pallares-renunciara-a-lalcaldia-darnes-en-pocs-dies\/\">Continue reading <span class=\"meta-nav\">&rarr;<\/span><\/a><\/p>\n","protected":false},"author":3,"featured_media":0,"comment_status":"closed","ping_status":"open","sticky":false,"template":"","format":"standard","meta":{"footnotes":""},"categories":[2],"tags":[13148,13147,860,454,3171,26,181],"class_list":["post-29301","post","type-post","status-publish","format-standard","hentry","category-noticies","tag-ajuntament-darnes","tag-alcaldia-darnes","tag-arnes","tag-delegat-del-govern-a-les-terres-de-lebre","tag-sara-gil","tag-terra-alta","tag-xavier-pallares"],"_links":{"self":[{"href":"https:\/\/www.radiomoradebre.cat\/wp\/wp-json\/wp\/v2\/posts\/29301","targetHints":{"allow":["GET"]}}],"collection":[{"href":"https:\/\/www.radiomoradebre.cat\/wp\/wp-json\/wp\/v2\/posts"}],"about":[{"href":"https:\/\/www.radiomoradebre.cat\/wp\/wp-json\/wp\/v2\/types\/post"}],"author":[{"embeddable":true,"href":"https:\/\/www.radiomoradebre.cat\/wp\/wp-json\/wp\/v2\/users\/3"}],"replies":[{"embeddable":true,"href":"https:\/\/www.radiomoradebre.cat\/wp\/wp-json\/wp\/v2\/comments?post=29301"}],"version-history":[{"count":1,"href":"https:\/\/www.radiomoradebre.cat\/wp\/wp-json\/wp\/v2\/posts\/29301\/revisions"}],"predecessor-version":[{"id":29303,"href":"https:\/\/www.radiomoradebre.cat\/wp\/wp-json\/wp\/v2\/posts\/29301\/revisions\/29303"}],"wp:attachment":[{"href":"https:\/\/www.radiomoradebre.cat\/wp\/wp-json\/wp\/v2\/media?parent=29301"}],"wp:term":[{"taxonomy":"category","embeddable":true,"href":"https:\/\/www.radiomoradebre.cat\/wp\/wp-json\/wp\/v2\/categories?post=29301"},{"taxonomy":"post_tag","embeddable":true,"href":"https:\/\/www.radiomoradebre.cat\/wp\/wp-json\/wp\/v2\/tags?post=29301"}],"curies":[{"name":"wp","href":"https:\/\/api.w.org\/{rel}","templated":true}]}}