
{"id":28984,"date":"2017-09-15T15:51:18","date_gmt":"2017-09-15T13:51:18","guid":{"rendered":"http:\/\/radiomoradebre.cat\/wp\/?p=28984"},"modified":"2017-09-15T15:51:18","modified_gmt":"2017-09-15T13:51:18","slug":"arriba-la-vuitena-festa-de-la-jota-a-la-ribera-debre","status":"publish","type":"post","link":"https:\/\/www.radiomoradebre.cat\/wp\/2017\/09\/15\/arriba-la-vuitena-festa-de-la-jota-a-la-ribera-debre\/","title":{"rendered":"Arriba la vuitena festa de la jota a la Ribera d\u2019Ebre."},"content":{"rendered":"<p><em><b><span lang=\"CA\">La Torre de l\u2019Espanyol acollir\u00e0 aquest dissabte la vuitena festa de la jota de la Ribera d\u2019Ebre on el Fardell Patxet\u00ed presentar\u00e0 la jota del Peuet, una jota que es ballava a la Torre i amb la que el Conseller de cultura Llu\u00eds Puig va guanyar el premi nacional de dansa al 1984.<\/span><\/b><\/em><\/p>\n<p>ADRIANA MONCL\u00daS<\/p>\n<p><a href=\"http:\/\/radiomoradebre.cat\/wp\/wp-content\/uploads\/2017\/09\/CRO-15-9-17-PREVIA-FESTA-JOTA-RE.mp3\">CRO 15-9-17 PREVIA FESTA JOTA RE<\/a><\/p>\n<p><a href=\"http:\/\/radiomoradebre.cat\/wp\/wp-content\/uploads\/2017\/09\/festa-jota-presentaci\u00f3-cartell-.jpg\"><img loading=\"lazy\" decoding=\"async\" class=\"aligncenter size-medium wp-image-28985\" src=\"http:\/\/radiomoradebre.cat\/wp\/wp-content\/uploads\/2017\/09\/festa-jota-presentaci\u00f3-cartell--300x225.jpg\" alt=\"\" width=\"300\" height=\"225\" srcset=\"https:\/\/www.radiomoradebre.cat\/wp\/wp-content\/uploads\/2017\/09\/festa-jota-presentaci\u00f3-cartell--300x225.jpg 300w, https:\/\/www.radiomoradebre.cat\/wp\/wp-content\/uploads\/2017\/09\/festa-jota-presentaci\u00f3-cartell--768x576.jpg 768w, https:\/\/www.radiomoradebre.cat\/wp\/wp-content\/uploads\/2017\/09\/festa-jota-presentaci\u00f3-cartell--1024x768.jpg 1024w\" sizes=\"auto, (max-width: 300px) 100vw, 300px\" \/><\/a><\/p>\n","protected":false},"excerpt":{"rendered":"<p>La Torre de l\u2019Espanyol acollir\u00e0 aquest dissabte la vuitena festa de la jota de la Ribera d\u2019Ebre on el Fardell Patxet\u00ed presentar\u00e0 la jota del Peuet, una jota que es ballava a la Torre i amb la que el Conseller &hellip; <a href=\"https:\/\/www.radiomoradebre.cat\/wp\/2017\/09\/15\/arriba-la-vuitena-festa-de-la-jota-a-la-ribera-debre\/\">Continue reading <span class=\"meta-nav\">&rarr;<\/span><\/a><\/p>\n","protected":false},"author":3,"featured_media":0,"comment_status":"closed","ping_status":"open","sticky":false,"template":"","format":"standard","meta":{"footnotes":""},"categories":[2],"tags":[12921,12963,2825,12960,12918,313,8321,8328,330,2600,3026,505,5316,96],"class_list":["post-28984","post","type-post","status-publish","format-standard","hentry","category-noticies","tag-ballar-jota","tag-banda-de-musica-benissanet","tag-dansa","tag-festa-jota","tag-festa-jota-ribera-debre","tag-jota","tag-jota-ribera-debre","tag-jotes","tag-la-torre-de-lespanyol","tag-lluis-puig","tag-lo-fardell-patxeti","tag-mireia-granje","tag-pepet-i-marieta","tag-ribera-debre"],"_links":{"self":[{"href":"https:\/\/www.radiomoradebre.cat\/wp\/wp-json\/wp\/v2\/posts\/28984","targetHints":{"allow":["GET"]}}],"collection":[{"href":"https:\/\/www.radiomoradebre.cat\/wp\/wp-json\/wp\/v2\/posts"}],"about":[{"href":"https:\/\/www.radiomoradebre.cat\/wp\/wp-json\/wp\/v2\/types\/post"}],"author":[{"embeddable":true,"href":"https:\/\/www.radiomoradebre.cat\/wp\/wp-json\/wp\/v2\/users\/3"}],"replies":[{"embeddable":true,"href":"https:\/\/www.radiomoradebre.cat\/wp\/wp-json\/wp\/v2\/comments?post=28984"}],"version-history":[{"count":1,"href":"https:\/\/www.radiomoradebre.cat\/wp\/wp-json\/wp\/v2\/posts\/28984\/revisions"}],"predecessor-version":[{"id":28986,"href":"https:\/\/www.radiomoradebre.cat\/wp\/wp-json\/wp\/v2\/posts\/28984\/revisions\/28986"}],"wp:attachment":[{"href":"https:\/\/www.radiomoradebre.cat\/wp\/wp-json\/wp\/v2\/media?parent=28984"}],"wp:term":[{"taxonomy":"category","embeddable":true,"href":"https:\/\/www.radiomoradebre.cat\/wp\/wp-json\/wp\/v2\/categories?post=28984"},{"taxonomy":"post_tag","embeddable":true,"href":"https:\/\/www.radiomoradebre.cat\/wp\/wp-json\/wp\/v2\/tags?post=28984"}],"curies":[{"name":"wp","href":"https:\/\/api.w.org\/{rel}","templated":true}]}}