
{"id":28921,"date":"2017-09-13T12:06:05","date_gmt":"2017-09-13T10:06:05","guid":{"rendered":"http:\/\/radiomoradebre.cat\/wp\/?p=28921"},"modified":"2017-09-13T12:06:05","modified_gmt":"2017-09-13T10:06:05","slug":"les-aules-somplen-de-nou-al-jeroni-de-moragas","status":"publish","type":"post","link":"https:\/\/www.radiomoradebre.cat\/wp\/2017\/09\/13\/les-aules-somplen-de-nou-al-jeroni-de-moragas\/","title":{"rendered":"Les aules s&#8217;omplen de nou al Jeroni de Moragas."},"content":{"rendered":"<p><strong><em>35 alumnes van comen\u00e7ar ahir el curs a l&#8217;escola d&#8217;educaci\u00f3 especial Jeroni de Moragas de M\u00f3ra d&#8217;Ebre. El centre ofereix educaci\u00f3 infantil, prim\u00e0ria i secund\u00e0ria adaptada a les necessitats de cada alumne, i el projecte que m\u00e9s triomfa \u00e9s el de jardineria.\u00a0<\/em><\/strong><\/p>\n<p>ADRIANA MONCL\u00daS<\/p>\n<p><a href=\"http:\/\/radiomoradebre.cat\/wp\/wp-content\/uploads\/2017\/09\/CRO-13-9-17-INICI-CURS-JERONI-MORAGAS.mp3\">CRO 13-9-17 INICI CURS JERONI MORAGAS<\/a><\/p>\n<p><a href=\"http:\/\/radiomoradebre.cat\/wp\/wp-content\/uploads\/2017\/09\/FullSizeRender-61.jpg\"><img loading=\"lazy\" decoding=\"async\" class=\"aligncenter size-medium wp-image-28912\" src=\"http:\/\/radiomoradebre.cat\/wp\/wp-content\/uploads\/2017\/09\/FullSizeRender-61-300x225.jpg\" alt=\"\" width=\"300\" height=\"225\" srcset=\"https:\/\/www.radiomoradebre.cat\/wp\/wp-content\/uploads\/2017\/09\/FullSizeRender-61-300x225.jpg 300w, https:\/\/www.radiomoradebre.cat\/wp\/wp-content\/uploads\/2017\/09\/FullSizeRender-61-768x576.jpg 768w, https:\/\/www.radiomoradebre.cat\/wp\/wp-content\/uploads\/2017\/09\/FullSizeRender-61-1024x768.jpg 1024w\" sizes=\"auto, (max-width: 300px) 100vw, 300px\" \/><\/a><\/p>\n","protected":false},"excerpt":{"rendered":"<p>35 alumnes van comen\u00e7ar ahir el curs a l&#8217;escola d&#8217;educaci\u00f3 especial Jeroni de Moragas de M\u00f3ra d&#8217;Ebre. El centre ofereix educaci\u00f3 infantil, prim\u00e0ria i secund\u00e0ria adaptada a les necessitats de cada alumne, i el projecte que m\u00e9s triomfa \u00e9s el &hellip; <a href=\"https:\/\/www.radiomoradebre.cat\/wp\/2017\/09\/13\/les-aules-somplen-de-nou-al-jeroni-de-moragas\/\">Continue reading <span class=\"meta-nav\">&rarr;<\/span><\/a><\/p>\n","protected":false},"author":3,"featured_media":0,"comment_status":"closed","ping_status":"open","sticky":false,"template":"","format":"standard","meta":{"footnotes":""},"categories":[2],"tags":[12898,12899,12905,6816,807,816,988,12895,12894,12904,3790,2907,57,12485],"class_list":["post-28921","post","type-post","status-publish","format-standard","hentry","category-noticies","tag-anna-valls","tag-cristian","tag-curs-2017-2018","tag-curs-escolar","tag-educacio","tag-ensenyament","tag-escola","tag-escola-educacio-especial","tag-escola-educacio-especial-jeroni-de-moragas","tag-escola-jeroni-de-moragas","tag-jardineria","tag-jeroni-de-moragas","tag-mora-debre","tag-pol"],"_links":{"self":[{"href":"https:\/\/www.radiomoradebre.cat\/wp\/wp-json\/wp\/v2\/posts\/28921","targetHints":{"allow":["GET"]}}],"collection":[{"href":"https:\/\/www.radiomoradebre.cat\/wp\/wp-json\/wp\/v2\/posts"}],"about":[{"href":"https:\/\/www.radiomoradebre.cat\/wp\/wp-json\/wp\/v2\/types\/post"}],"author":[{"embeddable":true,"href":"https:\/\/www.radiomoradebre.cat\/wp\/wp-json\/wp\/v2\/users\/3"}],"replies":[{"embeddable":true,"href":"https:\/\/www.radiomoradebre.cat\/wp\/wp-json\/wp\/v2\/comments?post=28921"}],"version-history":[{"count":1,"href":"https:\/\/www.radiomoradebre.cat\/wp\/wp-json\/wp\/v2\/posts\/28921\/revisions"}],"predecessor-version":[{"id":28922,"href":"https:\/\/www.radiomoradebre.cat\/wp\/wp-json\/wp\/v2\/posts\/28921\/revisions\/28922"}],"wp:attachment":[{"href":"https:\/\/www.radiomoradebre.cat\/wp\/wp-json\/wp\/v2\/media?parent=28921"}],"wp:term":[{"taxonomy":"category","embeddable":true,"href":"https:\/\/www.radiomoradebre.cat\/wp\/wp-json\/wp\/v2\/categories?post=28921"},{"taxonomy":"post_tag","embeddable":true,"href":"https:\/\/www.radiomoradebre.cat\/wp\/wp-json\/wp\/v2\/tags?post=28921"}],"curies":[{"name":"wp","href":"https:\/\/api.w.org\/{rel}","templated":true}]}}