
{"id":28451,"date":"2017-07-19T13:39:41","date_gmt":"2017-07-19T11:39:41","guid":{"rendered":"http:\/\/radiomoradebre.cat\/wp\/?p=28451"},"modified":"2017-07-19T13:39:41","modified_gmt":"2017-07-19T11:39:41","slug":"entrevista-joaquim-paladella-19-7-17","status":"publish","type":"post","link":"https:\/\/www.radiomoradebre.cat\/wp\/2017\/07\/19\/entrevista-joaquim-paladella-19-7-17\/","title":{"rendered":"Entrevista Joaquim Paladella (19-7-17)"},"content":{"rendered":"<p>HORA M\u00d3RA D&#8217;EBRE. Batea es planteja deixar de pertanyer a Catalunya i convertir-se en un municipi aragon\u00e8s. L&#8217;alcalde, Joaquim Paladella, ja ha demanat una reuni\u00f3 amb el Subdelegat del Govern Espanyol a Tarragona, Jordi Sierra, per tractar el tema. Assegura que es sent catal\u00e0 per\u00f2 denuncia la discriminaci\u00f3 que el municipi de la Terra Alta pateix per part de la Generalitat. A l&#8217;informatiu d&#8217;aquest mat\u00ed hem conversat amb ell.<\/p>\n<p><a href=\"http:\/\/radiomoradebre.cat\/wp\/wp-content\/uploads\/2017\/07\/ENTREVISTA-JOAQUIM-PALADELLA-19-7-17.mp3\">ENTREVISTA JOAQUIM PALADELLA 19-7-17<\/a><\/p>\n<p><a href=\"http:\/\/radiomoradebre.cat\/wp\/wp-content\/uploads\/2017\/07\/IMG_8913-e1479304874708.jpg\"><img loading=\"lazy\" decoding=\"async\" class=\"aligncenter size-medium wp-image-28452\" src=\"http:\/\/radiomoradebre.cat\/wp\/wp-content\/uploads\/2017\/07\/IMG_8913-e1479304874708-225x300.jpg\" alt=\"\" width=\"225\" height=\"300\" srcset=\"https:\/\/www.radiomoradebre.cat\/wp\/wp-content\/uploads\/2017\/07\/IMG_8913-e1479304874708-225x300.jpg 225w, https:\/\/www.radiomoradebre.cat\/wp\/wp-content\/uploads\/2017\/07\/IMG_8913-e1479304874708-768x1024.jpg 768w\" sizes=\"auto, (max-width: 225px) 100vw, 225px\" \/><\/a><\/p>\n","protected":false},"excerpt":{"rendered":"<p>HORA M\u00d3RA D&#8217;EBRE. Batea es planteja deixar de pertanyer a Catalunya i convertir-se en un municipi aragon\u00e8s. L&#8217;alcalde, Joaquim Paladella, ja ha demanat una reuni\u00f3 amb el Subdelegat del Govern Espanyol a Tarragona, Jordi Sierra, per tractar el tema. Assegura &hellip; <a href=\"https:\/\/www.radiomoradebre.cat\/wp\/2017\/07\/19\/entrevista-joaquim-paladella-19-7-17\/\">Continue reading <span class=\"meta-nav\">&rarr;<\/span><\/a><\/p>\n","protected":false},"author":3,"featured_media":0,"comment_status":"closed","ping_status":"open","sticky":false,"template":"","format":"standard","meta":{"footnotes":""},"categories":[12,16],"tags":[11557,3301,1939,902,12595,155,1610,1850,3983,12596,1712,9310,26,5482],"class_list":["post-28451","post","type-post","status-publish","format-standard","hentry","category-horamoradebre","category-informatius","tag-ajuntament-batea","tag-ajuntament-de-batea","tag-arago","tag-batea","tag-batea-vol-deixar-de-ser-de-catalunya","tag-catalunya","tag-joaquim-paladella","tag-jordi-sierra","tag-paladella","tag-parc-eolic-batea","tag-parcs-eolics","tag-residencia-batea","tag-terra-alta","tag-zdp7"],"_links":{"self":[{"href":"https:\/\/www.radiomoradebre.cat\/wp\/wp-json\/wp\/v2\/posts\/28451","targetHints":{"allow":["GET"]}}],"collection":[{"href":"https:\/\/www.radiomoradebre.cat\/wp\/wp-json\/wp\/v2\/posts"}],"about":[{"href":"https:\/\/www.radiomoradebre.cat\/wp\/wp-json\/wp\/v2\/types\/post"}],"author":[{"embeddable":true,"href":"https:\/\/www.radiomoradebre.cat\/wp\/wp-json\/wp\/v2\/users\/3"}],"replies":[{"embeddable":true,"href":"https:\/\/www.radiomoradebre.cat\/wp\/wp-json\/wp\/v2\/comments?post=28451"}],"version-history":[{"count":1,"href":"https:\/\/www.radiomoradebre.cat\/wp\/wp-json\/wp\/v2\/posts\/28451\/revisions"}],"predecessor-version":[{"id":28453,"href":"https:\/\/www.radiomoradebre.cat\/wp\/wp-json\/wp\/v2\/posts\/28451\/revisions\/28453"}],"wp:attachment":[{"href":"https:\/\/www.radiomoradebre.cat\/wp\/wp-json\/wp\/v2\/media?parent=28451"}],"wp:term":[{"taxonomy":"category","embeddable":true,"href":"https:\/\/www.radiomoradebre.cat\/wp\/wp-json\/wp\/v2\/categories?post=28451"},{"taxonomy":"post_tag","embeddable":true,"href":"https:\/\/www.radiomoradebre.cat\/wp\/wp-json\/wp\/v2\/tags?post=28451"}],"curies":[{"name":"wp","href":"https:\/\/api.w.org\/{rel}","templated":true}]}}