
{"id":28378,"date":"2017-07-17T12:21:28","date_gmt":"2017-07-17T10:21:28","guid":{"rendered":"http:\/\/radiomoradebre.cat\/wp\/?p=28378"},"modified":"2017-07-17T12:21:28","modified_gmt":"2017-07-17T10:21:28","slug":"biomassa-per-escalfar-els-equipaments-municipals","status":"publish","type":"post","link":"https:\/\/www.radiomoradebre.cat\/wp\/2017\/07\/17\/biomassa-per-escalfar-els-equipaments-municipals\/","title":{"rendered":"Biomassa per escalfar els equipaments municipals."},"content":{"rendered":"<p><em><strong>9 municipis de la demarcaci\u00f3 de Tarragona produiran energia t\u00e8rmica a partir de la biomassa per escalfar els equipaments p\u00fablics. El projecte t\u00e9 un cost de m\u00e9s de 2 milions\u00a0d&#8217;euros que finan\u00e7aran els municipis i la Diputaci\u00f3 de Tarragona amb l&#8217;ajuda de Fons europeus. <\/strong><\/em><\/p>\n<p>SER TARRAGONA<\/p>\n<p><a href=\"http:\/\/radiomoradebre.cat\/wp\/wp-content\/uploads\/2017\/07\/CRO-17-7-17-BIOMASSA.mp3\">CRO 17-7-17 BIOMASSA<\/a><\/p>\n<p><a href=\"http:\/\/radiomoradebre.cat\/wp\/wp-content\/uploads\/2017\/07\/biomassa_floresta1.jpg\"><img loading=\"lazy\" decoding=\"async\" class=\"aligncenter size-medium wp-image-28379\" src=\"http:\/\/radiomoradebre.cat\/wp\/wp-content\/uploads\/2017\/07\/biomassa_floresta1-300x225.jpg\" alt=\"\" width=\"300\" height=\"225\" srcset=\"https:\/\/www.radiomoradebre.cat\/wp\/wp-content\/uploads\/2017\/07\/biomassa_floresta1-300x225.jpg 300w, https:\/\/www.radiomoradebre.cat\/wp\/wp-content\/uploads\/2017\/07\/biomassa_floresta1.jpg 500w\" sizes=\"auto, (max-width: 300px) 100vw, 300px\" \/><\/a><\/p>\n<p>&nbsp;<\/p>\n","protected":false},"excerpt":{"rendered":"<p>9 municipis de la demarcaci\u00f3 de Tarragona produiran energia t\u00e8rmica a partir de la biomassa per escalfar els equipaments p\u00fablics. El projecte t\u00e9 un cost de m\u00e9s de 2 milions\u00a0d&#8217;euros que finan\u00e7aran els municipis i la Diputaci\u00f3 de Tarragona amb &hellip; <a href=\"https:\/\/www.radiomoradebre.cat\/wp\/2017\/07\/17\/biomassa-per-escalfar-els-equipaments-municipals\/\">Continue reading <span class=\"meta-nav\">&rarr;<\/span><\/a><\/p>\n","protected":false},"author":3,"featured_media":0,"comment_status":"closed","ping_status":"open","sticky":false,"template":"","format":"standard","meta":{"footnotes":""},"categories":[2],"tags":[12534,1414,12533,3936,190,12536,12535,811,3365,6970,197,404,12537,2781,328,8305,148,329,331],"class_list":["post-28378","post","type-post","status-publish","format-standard","hentry","category-noticies","tag-alcover","tag-biomassa","tag-biomassa-forestal","tag-caldera","tag-diputacio-de-tarragona","tag-edificis-municipals","tag-el-montmell","tag-energia","tag-feder","tag-fons-europeus","tag-gandesa","tag-horta-de-sant-joan","tag-imma-costa","tag-josep-poblet","tag-la-fatarella","tag-la-senia","tag-rasquera","tag-tivissa","tag-vandellos"],"_links":{"self":[{"href":"https:\/\/www.radiomoradebre.cat\/wp\/wp-json\/wp\/v2\/posts\/28378","targetHints":{"allow":["GET"]}}],"collection":[{"href":"https:\/\/www.radiomoradebre.cat\/wp\/wp-json\/wp\/v2\/posts"}],"about":[{"href":"https:\/\/www.radiomoradebre.cat\/wp\/wp-json\/wp\/v2\/types\/post"}],"author":[{"embeddable":true,"href":"https:\/\/www.radiomoradebre.cat\/wp\/wp-json\/wp\/v2\/users\/3"}],"replies":[{"embeddable":true,"href":"https:\/\/www.radiomoradebre.cat\/wp\/wp-json\/wp\/v2\/comments?post=28378"}],"version-history":[{"count":1,"href":"https:\/\/www.radiomoradebre.cat\/wp\/wp-json\/wp\/v2\/posts\/28378\/revisions"}],"predecessor-version":[{"id":28380,"href":"https:\/\/www.radiomoradebre.cat\/wp\/wp-json\/wp\/v2\/posts\/28378\/revisions\/28380"}],"wp:attachment":[{"href":"https:\/\/www.radiomoradebre.cat\/wp\/wp-json\/wp\/v2\/media?parent=28378"}],"wp:term":[{"taxonomy":"category","embeddable":true,"href":"https:\/\/www.radiomoradebre.cat\/wp\/wp-json\/wp\/v2\/categories?post=28378"},{"taxonomy":"post_tag","embeddable":true,"href":"https:\/\/www.radiomoradebre.cat\/wp\/wp-json\/wp\/v2\/tags?post=28378"}],"curies":[{"name":"wp","href":"https:\/\/api.w.org\/{rel}","templated":true}]}}