
{"id":28376,"date":"2017-07-17T12:16:47","date_gmt":"2017-07-17T10:16:47","guid":{"rendered":"http:\/\/radiomoradebre.cat\/wp\/?p=28376"},"modified":"2017-07-17T12:16:47","modified_gmt":"2017-07-17T10:16:47","slug":"els-alcaldes-de-la-r-15-carreguen-contra-lestat-de-manteniment-de-la-via","status":"publish","type":"post","link":"https:\/\/www.radiomoradebre.cat\/wp\/2017\/07\/17\/els-alcaldes-de-la-r-15-carreguen-contra-lestat-de-manteniment-de-la-via\/","title":{"rendered":"Els alcaldes de la R-15 carreguen contra l\u2019estat de manteniment de la via."},"content":{"rendered":"<p><em><strong>Els alcaldes amb estacions a la l\u00ednia R-15 han carregat contra l\u2019estat de manteniment de la via, despr\u00e9s que aquest dijous descarril\u00e9s un tren de mercaderies al terme municipal de Cap\u00e7anes, i s\u2019interromp\u00e9s la circulaci\u00f3 entre M\u00f3ra la Nova i Reus. Una circulaci\u00f3 que ADIF ha reestablert avui a les 8.00h.\u00a0<\/strong><\/em><\/p>\n<p>R\u00c0DIO M\u00d3RA D&#8217;EBRE<\/p>\n<p><a href=\"http:\/\/radiomoradebre.cat\/wp\/wp-content\/uploads\/2017\/07\/CRO-17-7-17-ALCALDES-R15.mp3\">CRO 17-7-17 ALCALDES R15<\/a><\/p>\n<div id=\"attachment_28324\" style=\"width: 310px\" class=\"wp-caption aligncenter\"><a href=\"http:\/\/radiomoradebre.cat\/wp\/wp-content\/uploads\/2017\/07\/tren.jpg\"><img loading=\"lazy\" decoding=\"async\" aria-describedby=\"caption-attachment-28324\" class=\"size-medium wp-image-28324\" src=\"http:\/\/radiomoradebre.cat\/wp\/wp-content\/uploads\/2017\/07\/tren-300x225.jpg\" alt=\"\" width=\"300\" height=\"225\" srcset=\"https:\/\/www.radiomoradebre.cat\/wp\/wp-content\/uploads\/2017\/07\/tren-300x225.jpg 300w, https:\/\/www.radiomoradebre.cat\/wp\/wp-content\/uploads\/2017\/07\/tren-768x576.jpg 768w, https:\/\/www.radiomoradebre.cat\/wp\/wp-content\/uploads\/2017\/07\/tren.jpg 1024w\" sizes=\"auto, (max-width: 300px) 100vw, 300px\" \/><\/a><p id=\"caption-attachment-28324\" class=\"wp-caption-text\">IMATGE PERE BOSCH<\/p><\/div>\n","protected":false},"excerpt":{"rendered":"<p>Els alcaldes amb estacions a la l\u00ednia R-15 han carregat contra l\u2019estat de manteniment de la via, despr\u00e9s que aquest dijous descarril\u00e9s un tren de mercaderies al terme municipal de Cap\u00e7anes, i s\u2019interromp\u00e9s la circulaci\u00f3 entre M\u00f3ra la Nova i &hellip; <a href=\"https:\/\/www.radiomoradebre.cat\/wp\/2017\/07\/17\/els-alcaldes-de-la-r-15-carreguen-contra-lestat-de-manteniment-de-la-via\/\">Continue reading <span class=\"meta-nav\">&rarr;<\/span><\/a><\/p>\n","protected":false},"author":3,"featured_media":0,"comment_status":"closed","ping_status":"open","sticky":false,"template":"","format":"standard","meta":{"footnotes":""},"categories":[2],"tags":[1844,12531,2344,2108,1449,185,4516,11298,5447,6165,728,77,10674,886,10680,12532,3932,5856],"class_list":["post-28376","post","type-post","status-publish","format-standard","hentry","category-noticies","tag-adif","tag-alcaldes-r15","tag-capcanes","tag-francesc-moline","tag-joan-carles-garcia","tag-joan-pinol","tag-josep-rull","tag-millores-r-15","tag-r-15","tag-r15","tag-renfe","tag-servei-ferroviari","tag-servei-ferroviari-digne","tag-transport","tag-transport-mercaderies","tag-tunel","tag-vago","tag-vagons"],"_links":{"self":[{"href":"https:\/\/www.radiomoradebre.cat\/wp\/wp-json\/wp\/v2\/posts\/28376","targetHints":{"allow":["GET"]}}],"collection":[{"href":"https:\/\/www.radiomoradebre.cat\/wp\/wp-json\/wp\/v2\/posts"}],"about":[{"href":"https:\/\/www.radiomoradebre.cat\/wp\/wp-json\/wp\/v2\/types\/post"}],"author":[{"embeddable":true,"href":"https:\/\/www.radiomoradebre.cat\/wp\/wp-json\/wp\/v2\/users\/3"}],"replies":[{"embeddable":true,"href":"https:\/\/www.radiomoradebre.cat\/wp\/wp-json\/wp\/v2\/comments?post=28376"}],"version-history":[{"count":1,"href":"https:\/\/www.radiomoradebre.cat\/wp\/wp-json\/wp\/v2\/posts\/28376\/revisions"}],"predecessor-version":[{"id":28377,"href":"https:\/\/www.radiomoradebre.cat\/wp\/wp-json\/wp\/v2\/posts\/28376\/revisions\/28377"}],"wp:attachment":[{"href":"https:\/\/www.radiomoradebre.cat\/wp\/wp-json\/wp\/v2\/media?parent=28376"}],"wp:term":[{"taxonomy":"category","embeddable":true,"href":"https:\/\/www.radiomoradebre.cat\/wp\/wp-json\/wp\/v2\/categories?post=28376"},{"taxonomy":"post_tag","embeddable":true,"href":"https:\/\/www.radiomoradebre.cat\/wp\/wp-json\/wp\/v2\/tags?post=28376"}],"curies":[{"name":"wp","href":"https:\/\/api.w.org\/{rel}","templated":true}]}}