
{"id":28356,"date":"2017-07-17T11:43:14","date_gmt":"2017-07-17T09:43:14","guid":{"rendered":"http:\/\/radiomoradebre.cat\/wp\/?p=28356"},"modified":"2017-07-17T11:43:14","modified_gmt":"2017-07-17T09:43:14","slug":"el-glamping-es-tendencia-a-la-demarcacio-de-tarragona","status":"publish","type":"post","link":"https:\/\/www.radiomoradebre.cat\/wp\/2017\/07\/17\/el-glamping-es-tendencia-a-la-demarcacio-de-tarragona\/","title":{"rendered":"El glamping \u00e9s tend\u00e8ncia a la demarcaci\u00f3 de Tarragona."},"content":{"rendered":"<p><em><strong>La tend\u00e8ncia del Glamping s&#8217;imposa al Camp de Tarragona i les Terres de l&#8217;Ebre. Aquest terme vol allunyar els establiments tur\u00edstics d&#8217;aquestes caracter\u00edstiques del concepte tradicional i omplir-los d&#8217;atractius similars als d&#8217;hotels de cinc estrelles, com per exemple bungalows tematitzats o comoditats com l&#8217;aire condicionat.<\/strong><\/em><\/p>\n<p>SER TARRAGONA<\/p>\n<p><a href=\"http:\/\/radiomoradebre.cat\/wp\/wp-content\/uploads\/2017\/07\/CRO-17-7-17-CAMPINGS.mp3\">CRO 17-7-17 CAMPINGS<\/a><\/p>\n<div id=\"attachment_28363\" style=\"width: 310px\" class=\"wp-caption aligncenter\"><a href=\"http:\/\/radiomoradebre.cat\/wp\/wp-content\/uploads\/2017\/07\/img_vllurba_20160817-135320_imagenes_lv_colaboradores_vllurba_sb6e4511_lv_1-k5ZC-U404115555003zdH-992x558@LaVanguardia-Web.jpg\"><img loading=\"lazy\" decoding=\"async\" aria-describedby=\"caption-attachment-28363\" class=\"wp-image-28363 size-medium\" src=\"http:\/\/radiomoradebre.cat\/wp\/wp-content\/uploads\/2017\/07\/img_vllurba_20160817-135320_imagenes_lv_colaboradores_vllurba_sb6e4511_lv_1-k5ZC-U404115555003zdH-992x558@LaVanguardia-Web-300x170.jpg\" alt=\"\" width=\"300\" height=\"170\" srcset=\"https:\/\/www.radiomoradebre.cat\/wp\/wp-content\/uploads\/2017\/07\/img_vllurba_20160817-135320_imagenes_lv_colaboradores_vllurba_sb6e4511_lv_1-k5ZC-U404115555003zdH-992x558@LaVanguardia-Web-300x170.jpg 300w, https:\/\/www.radiomoradebre.cat\/wp\/wp-content\/uploads\/2017\/07\/img_vllurba_20160817-135320_imagenes_lv_colaboradores_vllurba_sb6e4511_lv_1-k5ZC-U404115555003zdH-992x558@LaVanguardia-Web-768x436.jpg 768w, https:\/\/www.radiomoradebre.cat\/wp\/wp-content\/uploads\/2017\/07\/img_vllurba_20160817-135320_imagenes_lv_colaboradores_vllurba_sb6e4511_lv_1-k5ZC-U404115555003zdH-992x558@LaVanguardia-Web.jpg 983w\" sizes=\"auto, (max-width: 300px) 100vw, 300px\" \/><\/a><p id=\"caption-attachment-28363\" class=\"wp-caption-text\">IMATGE &#8211; La Vanguardia<\/p><\/div>\n","protected":false},"excerpt":{"rendered":"<p>La tend\u00e8ncia del Glamping s&#8217;imposa al Camp de Tarragona i les Terres de l&#8217;Ebre. Aquest terme vol allunyar els establiments tur\u00edstics d&#8217;aquestes caracter\u00edstiques del concepte tradicional i omplir-los d&#8217;atractius similars als d&#8217;hotels de cinc estrelles, com per exemple bungalows tematitzats &hellip; <a href=\"https:\/\/www.radiomoradebre.cat\/wp\/2017\/07\/17\/el-glamping-es-tendencia-a-la-demarcacio-de-tarragona\/\">Continue reading <span class=\"meta-nav\">&rarr;<\/span><\/a><\/p>\n","protected":false},"author":3,"featured_media":0,"comment_status":"closed","ping_status":"open","sticky":false,"template":"","format":"standard","meta":{"footnotes":""},"categories":[16],"tags":[12527,12526,12524,1912,2489,12525,289,12523,1517,270,212,3218],"class_list":["post-28356","post","type-post","status-publish","format-standard","hentry","category-informatius","tag-associacio-de-camping-de-la-costa-daurada-i-les-terres-de-lebre","tag-berta-cabre","tag-bungalow","tag-camp-de-tarragona","tag-camping","tag-campings","tag-costa-daurada","tag-glamping","tag-tarragona","tag-terres-de-lebre","tag-turisme","tag-vacances"],"_links":{"self":[{"href":"https:\/\/www.radiomoradebre.cat\/wp\/wp-json\/wp\/v2\/posts\/28356","targetHints":{"allow":["GET"]}}],"collection":[{"href":"https:\/\/www.radiomoradebre.cat\/wp\/wp-json\/wp\/v2\/posts"}],"about":[{"href":"https:\/\/www.radiomoradebre.cat\/wp\/wp-json\/wp\/v2\/types\/post"}],"author":[{"embeddable":true,"href":"https:\/\/www.radiomoradebre.cat\/wp\/wp-json\/wp\/v2\/users\/3"}],"replies":[{"embeddable":true,"href":"https:\/\/www.radiomoradebre.cat\/wp\/wp-json\/wp\/v2\/comments?post=28356"}],"version-history":[{"count":1,"href":"https:\/\/www.radiomoradebre.cat\/wp\/wp-json\/wp\/v2\/posts\/28356\/revisions"}],"predecessor-version":[{"id":28364,"href":"https:\/\/www.radiomoradebre.cat\/wp\/wp-json\/wp\/v2\/posts\/28356\/revisions\/28364"}],"wp:attachment":[{"href":"https:\/\/www.radiomoradebre.cat\/wp\/wp-json\/wp\/v2\/media?parent=28356"}],"wp:term":[{"taxonomy":"category","embeddable":true,"href":"https:\/\/www.radiomoradebre.cat\/wp\/wp-json\/wp\/v2\/categories?post=28356"},{"taxonomy":"post_tag","embeddable":true,"href":"https:\/\/www.radiomoradebre.cat\/wp\/wp-json\/wp\/v2\/tags?post=28356"}],"curies":[{"name":"wp","href":"https:\/\/api.w.org\/{rel}","templated":true}]}}